{"id":13861,"date":"2022-07-12T09:24:19","date_gmt":"2022-07-12T13:24:19","guid":{"rendered":"https:\/\/www.franciscansusa.org\/?p=13861"},"modified":"2022-07-12T09:24:56","modified_gmt":"2022-07-12T13:24:56","slug":"happy-orchard","status":"publish","type":"post","link":"https:\/\/www.franciscansusa.org\/es\/happy-orchard\/","title":{"rendered":"Un huerto feliz"},"content":{"rendered":"<div class=\"wpb-content-wrapper\"><section class=\"l-section wpb_row height_medium\"><div class=\"l-section-h i-cf\"><div class=\"g-cols vc_row type_default valign_top\"><div class=\"vc_col-sm-12 wpb_column vc_column_container\"><div class=\"vc_column-inner\"><div class=\"wpb_wrapper\"><div class=\"w-image align_none\"><div class=\"w-image-h\"><img loading=\"lazy\" decoding=\"async\" width=\"1024\" height=\"915\" src=\"https:\/\/www.franciscansusa.org\/wp-content\/uploads\/2022\/07\/Orchard-at-MSF--1024x915.jpg\" class=\"attachment-large size-large\" alt=\"\" srcset=\"https:\/\/www.franciscansusa.org\/wp-content\/uploads\/2022\/07\/Orchard-at-MSF--1024x915.jpg 1024w, https:\/\/www.franciscansusa.org\/wp-content\/uploads\/2022\/07\/Orchard-at-MSF--300x268.jpg 300w, https:\/\/www.franciscansusa.org\/wp-content\/uploads\/2022\/07\/Orchard-at-MSF--13x12.jpg 13w, https:\/\/www.franciscansusa.org\/wp-content\/uploads\/2022\/07\/Orchard-at-MSF--150x134.jpg 150w, https:\/\/www.franciscansusa.org\/wp-content\/uploads\/2022\/07\/Orchard-at-MSF--448x400.jpg 448w, https:\/\/www.franciscansusa.org\/wp-content\/uploads\/2022\/07\/Orchard-at-MSF--600x536.jpg 600w\" sizes=\"auto, (max-width: 1024px) 100vw, 1024px\" \/><\/div><\/div><div class=\"w-separator size_small\"><\/div><div class=\"wpb_text_column\" ><div class=\"wpb_wrapper\"><p>\u00bfDulce o agrio? \u00bfTemprano o tarde? \u00bfGrande o peque\u00f1o? Estas fueron algunas de las preguntas con las que estaba lidiando el Comit\u00e9 de \u00c1rboles de Mt. St. Francis (o deber\u00eda decir \u201ccon las manzanas\u201d) al elegir los tipos de manzanos que iban a plantar en 2022. Las manzanas, el principal ingrediente de las empanadas que constituyen un s\u00edmbolo ic\u00f3nico para los ciudadanos de esta tierra, han sido una caracter\u00edstica del Monte desde que los frailes lo establecieron hace m\u00e1s de cien a\u00f1os. As\u00ed, se decidi\u00f3 que los esfuerzos de renovaci\u00f3n y ampliaci\u00f3n del antiguo huerto deb\u00edan incluir una variedad de manzanas sostenibles y de f\u00e1cil mantenimiento.<\/p>\n<p>En abril, en el antiguo remanente del huerto, que inclu\u00eda solo dos grandes \u00e1rboles abuelos supervivientes, se plantaron 9 \u00e1rboles j\u00f3venes de 8 especies tradicionales de manzanas. Inclu\u00edan variedades como Northern Spy, Ashmead&#039;s Kernel, Esopus Spitzenburg, Liberty y Starkey. Todas las manzanas representaban flores tempranas y tard\u00edas, de sabor dulce y \u00e1cido, y tonos de rojo y verde. Fueron elegidos no s\u00f3lo por su sabor y utilidad en la cocina sino tambi\u00e9n por su capacidad para ayudarse mutuamente en los ciclos de polinizaci\u00f3n de la primavera.<\/p>\n<p>En los pr\u00f3ximos a\u00f1os, los \u00e1rboles grandes ser\u00e1n podados gradualmente y los peque\u00f1os deber\u00e1n ser cuidados con mucho cari\u00f1o. Se han a\u00f1adido peque\u00f1as vallas protectoras para protegerlos de los ciervos y otros bichos a los que tambi\u00e9n les encanta comerse los peque\u00f1os manzanos. Tambi\u00e9n se seguir\u00e1 un ciclo de riego durante las \u00e9pocas secas previstas del verano.<\/p>\n<p>Un huerto de manzanos es un s\u00edmbolo de esperanza y abundancia. Plantamos hoy para que en los a\u00f1os venideros las generaciones futuras (incluidos los ciervos) puedan disfrutar de una cosecha abundante de felicidad.<\/p>\n<\/div><\/div><\/div><\/div><\/div><\/div><\/div><\/section>\n<\/div>","protected":false},"excerpt":{"rendered":"\u00bfDulce o agrio? \u00bfTemprano o tarde? \u00bfGrande o peque\u00f1o? Estas fueron algunas de las preguntas con las que estaba lidiando el Comit\u00e9 de \u00c1rboles de Mt. St. Francis (o deber\u00eda decir \u201ccon las manzanas\u201d) al elegir los tipos de manzanos que iban a plantar en 2022. Las manzanas, el principal ingrediente de las tartas...","protected":false},"author":1,"featured_media":13865,"comment_status":"closed","ping_status":"closed","sticky":false,"template":"","format":"standard","meta":{"om_disable_all_campaigns":false,"_monsterinsights_skip_tracking":false,"_monsterinsights_sitenote_active":false,"_monsterinsights_sitenote_note":"","_monsterinsights_sitenote_category":0,"_uf_show_specific_survey":0,"_uf_disable_surveys":false,"footnotes":""},"categories":[43],"tags":[],"class_list":["post-13861","post","type-post","status-publish","format-standard","has-post-thumbnail","hentry","category-franciscan-earth-care-initiative-news"],"aioseo_notices":[],"publishpress_future_action":{"enabled":false,"date":"2026-05-02 03:11:25","action":"change-status","newStatus":"draft","terms":[],"taxonomy":"category","extraData":[]},"publishpress_future_workflow_manual_trigger":{"enabledWorkflows":[]},"_links":{"self":[{"href":"https:\/\/www.franciscansusa.org\/es\/wp-json\/wp\/v2\/posts\/13861","targetHints":{"allow":["GET"]}}],"collection":[{"href":"https:\/\/www.franciscansusa.org\/es\/wp-json\/wp\/v2\/posts"}],"about":[{"href":"https:\/\/www.franciscansusa.org\/es\/wp-json\/wp\/v2\/types\/post"}],"author":[{"embeddable":true,"href":"https:\/\/www.franciscansusa.org\/es\/wp-json\/wp\/v2\/users\/1"}],"replies":[{"embeddable":true,"href":"https:\/\/www.franciscansusa.org\/es\/wp-json\/wp\/v2\/comments?post=13861"}],"version-history":[{"count":2,"href":"https:\/\/www.franciscansusa.org\/es\/wp-json\/wp\/v2\/posts\/13861\/revisions"}],"predecessor-version":[{"id":13871,"href":"https:\/\/www.franciscansusa.org\/es\/wp-json\/wp\/v2\/posts\/13861\/revisions\/13871"}],"wp:featuredmedia":[{"embeddable":true,"href":"https:\/\/www.franciscansusa.org\/es\/wp-json\/wp\/v2\/media\/13865"}],"wp:attachment":[{"href":"https:\/\/www.franciscansusa.org\/es\/wp-json\/wp\/v2\/media?parent=13861"}],"wp:term":[{"taxonomy":"category","embeddable":true,"href":"https:\/\/www.franciscansusa.org\/es\/wp-json\/wp\/v2\/categories?post=13861"},{"taxonomy":"post_tag","embeddable":true,"href":"https:\/\/www.franciscansusa.org\/es\/wp-json\/wp\/v2\/tags?post=13861"}],"curies":[{"name":"gracias","href":"https:\/\/api.w.org\/{rel}","templated":true}]}}