{"id":14553,"date":"2022-10-17T08:41:04","date_gmt":"2022-10-17T12:41:04","guid":{"rendered":"https:\/\/www.franciscansusa.org\/?p=14553"},"modified":"2022-10-17T09:20:28","modified_gmt":"2022-10-17T13:20:28","slug":"a-garden-of-peace-and-reflection","status":"publish","type":"post","link":"https:\/\/www.franciscansusa.org\/es\/a-garden-of-peace-and-reflection\/","title":{"rendered":"Un Jard\u00edn de Paz y Reflexi\u00f3n"},"content":{"rendered":"<div class=\"wpb-content-wrapper\"><section class=\"l-section wpb_row height_medium\"><div class=\"l-section-h i-cf\"><div class=\"g-cols vc_row type_default valign_top\"><div class=\"vc_col-sm-12 wpb_column vc_column_container\"><div class=\"vc_column-inner\"><div class=\"wpb_wrapper\"><div class=\"w-image align_none\"><div class=\"w-image-h\"><img loading=\"lazy\" decoding=\"async\" width=\"1024\" height=\"768\" src=\"https:\/\/www.franciscansusa.org\/wp-content\/uploads\/2022\/10\/fr-george-1024x768.jpg\" class=\"attachment-large size-large\" alt=\"\" srcset=\"https:\/\/www.franciscansusa.org\/wp-content\/uploads\/2022\/10\/fr-george-1024x768.jpg 1024w, https:\/\/www.franciscansusa.org\/wp-content\/uploads\/2022\/10\/fr-george-300x225.jpg 300w, https:\/\/www.franciscansusa.org\/wp-content\/uploads\/2022\/10\/fr-george-16x12.jpg 16w, https:\/\/www.franciscansusa.org\/wp-content\/uploads\/2022\/10\/fr-george-150x113.jpg 150w, https:\/\/www.franciscansusa.org\/wp-content\/uploads\/2022\/10\/fr-george-533x400.jpg 533w, https:\/\/www.franciscansusa.org\/wp-content\/uploads\/2022\/10\/fr-george-600x450.jpg 600w, https:\/\/www.franciscansusa.org\/wp-content\/uploads\/2022\/10\/fr-george.jpg 1200w\" sizes=\"auto, (max-width: 1024px) 100vw, 1024px\" \/><\/div><\/div><\/div><\/div><\/div><\/div><\/div><\/section><section class=\"l-section wpb_row height_medium\"><div class=\"l-section-h i-cf\"><div class=\"g-cols vc_row type_default valign_top\"><div class=\"vc_col-sm-12 wpb_column vc_column_container\"><div class=\"vc_column-inner\"><div class=\"wpb_wrapper\"><div class=\"wpb_text_column\" ><div class=\"wpb_wrapper\"><h4>Un Jard\u00edn de Paz y Reflexi\u00f3n<\/h4>\n<p>por fray Bob Roddy, OFM Conv.<\/p>\n<p>\u201cYo plant\u00e9, Apolos reg\u00f3, pero Dios hizo crecer\u201d. 1 Cor. 6<br \/>\n\u201cYo cocino y el P. John anima a otros a unirse a nosotros\u201d. Padre George Munjanatyu, OFM Conv.<\/p>\n<p><img loading=\"lazy\" decoding=\"async\" class=\"wp-image-14555 alignright\" src=\"https:\/\/www.franciscansusa.org\/wp-content\/uploads\/2022\/10\/fr-george-at-buffet-600x400.jpg\" alt=\"\" width=\"371\" height=\"247\" srcset=\"https:\/\/www.franciscansusa.org\/wp-content\/uploads\/2022\/10\/fr-george-at-buffet-600x400.jpg 600w, https:\/\/www.franciscansusa.org\/wp-content\/uploads\/2022\/10\/fr-george-at-buffet-16x12.jpg 16w\" sizes=\"auto, (max-width: 371px) 100vw, 371px\" \/>Padre El rostro de George Munjanatyu esboza una sonrisa radiante mientras muestra su huerta en St. Francis Ashram, adyacente a la Iglesia de la Sagrada Familia en Louisville, Kentucky. El jard\u00edn no solo es hermoso, sino un lugar de paz y reflexi\u00f3n. Los productos de este jard\u00edn a menudo terminan en algunas de sus deliciosas comidas o en paquetes de ayuda para que los estudiantes de la Universidad de Bellarmine se los lleven a casa.<\/p>\n<p>Padre George no es ajeno a los jardines ni a la cocina; su familia en India fueron agricultores hasta la generaci\u00f3n de su padre. \u201cMi madre y mi padre siempre tuvieron un gran jard\u00edn\u201d, dijo el P. George record\u00f3: \u201cSiempre estuve acostumbrado a tener acceso a verduras frescas\u201d. Su amor por la cocina y la comida le ven\u00eda de sus padres y abuelos; su habilidad en la cocina surgi\u00f3 de la necesidad. \u201cEn el seminario mayor no ten\u00edamos cocinero los domingos por la noche, as\u00ed que me encargu\u00e9 de cocinar para los seminaristas. Prefiero cocinar para un gran grupo de personas que solo para cuatro o cinco\u201d.<br \/>\nDespu\u00e9s de servir como director de seminario y tesorero provincial en India, el p. George lleg\u00f3 a los Estados Unidos hace siete a\u00f1os para ayudar en el naciente ministerio de J\u00f3venes Adultos (YAFraM) que nuestros Frailes de la India inauguraron en Louisville en 2010. Tambi\u00e9n se desempe\u00f1a como pastor de la Comunidad Cat\u00f3lica de la Sagrada Familia y la Comunidad Cat\u00f3lica SyroMalabar en Louisville.<\/p>\n<p>\u201cComo el p. John y yo nos embarcamos en nuestro ministerio con los adultos j\u00f3venes, pens\u00e9 que reunir a los j\u00f3venes para una comida ser\u00eda una forma ideal de superar cualquier barrera que pudi\u00e9ramos enfrentar. Compartir una comida crea una atm\u00f3sfera de apertura y bienvenida\u201d. La palabra \u201cAshram\u201d connota un lugar donde todos son bienvenidos, un lugar de hospitalidad y paz. \u201cNo soy el m\u00e1s hablador de las personas\u201d, dijo el p. George dijo, \u201cpero en la cocina y alrededor de la mesa, encuentro que compartir una comida juntos no solo alimenta el cuerpo, sino tambi\u00e9n el alma\u201d.<br \/>\n\u201cNadie deja un Ashram con hambre\u201d, dijo el P. George dijo: \u201cA menudo enviamos comida a casa con los estudiantes.<\/p>\n<p>En los \u00faltimos a\u00f1os, tambi\u00e9n enviamos a menudo productos frescos a casa. El jard\u00edn tiene el doble prop\u00f3sito de ahorrarnos dinero y tambi\u00e9n es un gui\u00f1o a nuestra preocupaci\u00f3n franciscana por el medio ambiente. Incluso he enviado semillas a casa con nuestros invitados para que puedan comenzar sus propios jardines\u201d.<\/p>\n<p>\u201cCompartir una comida es una buena forma de conocerse. Estamos en contacto con cientos de personas en el \u00e1rea de Louisville; la comida nos ayuda a hacer crecer nuestro ministerio y nuestras conexiones con los dem\u00e1s. Es una forma poderosa de conectar con la gente. Cuando cocinamos y comemos juntos, no solo formamos conexiones sociales, sino que tambi\u00e9n nos conocemos\u201d.<\/p>\n<\/div><\/div><\/div><\/div><\/div><\/div><\/div><\/section>\n<\/div>","protected":false},"excerpt":{"rendered":"Un jard\u00edn de paz y reflexi\u00f3n por fray Bob Roddy, OFM Conv. \u201cYo plant\u00e9, Apolos reg\u00f3, pero Dios hizo que creciera\u201d. 1 Cor. 6 \u201cYo cocino y el P. John anima a otros a unirse a nosotros\u201d. P. George Munjanatyu, OFM Conv. P. El rostro de George Munjanatyu se ilumina con una sonrisa radiante mientras muestra su huerto...","protected":false},"author":1,"featured_media":14556,"comment_status":"closed","ping_status":"closed","sticky":false,"template":"","format":"standard","meta":{"om_disable_all_campaigns":false,"_monsterinsights_skip_tracking":false,"_monsterinsights_sitenote_active":false,"_monsterinsights_sitenote_note":"","_monsterinsights_sitenote_category":0,"_uf_show_specific_survey":0,"_uf_disable_surveys":false,"footnotes":""},"categories":[43],"tags":[],"class_list":["post-14553","post","type-post","status-publish","format-standard","has-post-thumbnail","hentry","category-franciscan-earth-care-initiative-news"],"aioseo_notices":[],"publishpress_future_action":{"enabled":false,"date":"2026-05-02 02:54:21","action":"change-status","newStatus":"draft","terms":[],"taxonomy":"category","extraData":[]},"publishpress_future_workflow_manual_trigger":{"enabledWorkflows":[]},"_links":{"self":[{"href":"https:\/\/www.franciscansusa.org\/es\/wp-json\/wp\/v2\/posts\/14553","targetHints":{"allow":["GET"]}}],"collection":[{"href":"https:\/\/www.franciscansusa.org\/es\/wp-json\/wp\/v2\/posts"}],"about":[{"href":"https:\/\/www.franciscansusa.org\/es\/wp-json\/wp\/v2\/types\/post"}],"author":[{"embeddable":true,"href":"https:\/\/www.franciscansusa.org\/es\/wp-json\/wp\/v2\/users\/1"}],"replies":[{"embeddable":true,"href":"https:\/\/www.franciscansusa.org\/es\/wp-json\/wp\/v2\/comments?post=14553"}],"version-history":[{"count":4,"href":"https:\/\/www.franciscansusa.org\/es\/wp-json\/wp\/v2\/posts\/14553\/revisions"}],"predecessor-version":[{"id":14563,"href":"https:\/\/www.franciscansusa.org\/es\/wp-json\/wp\/v2\/posts\/14553\/revisions\/14563"}],"wp:featuredmedia":[{"embeddable":true,"href":"https:\/\/www.franciscansusa.org\/es\/wp-json\/wp\/v2\/media\/14556"}],"wp:attachment":[{"href":"https:\/\/www.franciscansusa.org\/es\/wp-json\/wp\/v2\/media?parent=14553"}],"wp:term":[{"taxonomy":"category","embeddable":true,"href":"https:\/\/www.franciscansusa.org\/es\/wp-json\/wp\/v2\/categories?post=14553"},{"taxonomy":"post_tag","embeddable":true,"href":"https:\/\/www.franciscansusa.org\/es\/wp-json\/wp\/v2\/tags?post=14553"}],"curies":[{"name":"gracias","href":"https:\/\/api.w.org\/{rel}","templated":true}]}}