{"id":14581,"date":"2022-10-17T20:59:50","date_gmt":"2022-10-18T00:59:50","guid":{"rendered":"https:\/\/www.franciscansusa.org\/?p=14581"},"modified":"2022-10-17T21:01:01","modified_gmt":"2022-10-18T01:01:01","slug":"q-a-with-father-john-pozhathuparambil","status":"publish","type":"post","link":"https:\/\/www.franciscansusa.org\/es\/q-a-with-father-john-pozhathuparambil\/","title":{"rendered":"Preguntas y respuestas con el padre John Pozhathuparambil"},"content":{"rendered":"<div class=\"wpb-content-wrapper\"><section class=\"l-section wpb_row height_medium\"><div class=\"l-section-h i-cf\"><div class=\"g-cols vc_row type_default valign_top\"><div class=\"vc_col-sm-12 wpb_column vc_column_container\"><div class=\"vc_column-inner\"><div class=\"wpb_wrapper\"><div class=\"w-image align_center\"><div class=\"w-image-h\"><img loading=\"lazy\" decoding=\"async\" width=\"1024\" height=\"768\" src=\"https:\/\/www.franciscansusa.org\/wp-content\/uploads\/2022\/10\/310384099_10159984777578632_7220710182189521976_n-1024x768.jpg\" class=\"attachment-large size-large\" alt=\"\" srcset=\"https:\/\/www.franciscansusa.org\/wp-content\/uploads\/2022\/10\/310384099_10159984777578632_7220710182189521976_n-1024x768.jpg 1024w, https:\/\/www.franciscansusa.org\/wp-content\/uploads\/2022\/10\/310384099_10159984777578632_7220710182189521976_n-300x225.jpg 300w, https:\/\/www.franciscansusa.org\/wp-content\/uploads\/2022\/10\/310384099_10159984777578632_7220710182189521976_n-16x12.jpg 16w, https:\/\/www.franciscansusa.org\/wp-content\/uploads\/2022\/10\/310384099_10159984777578632_7220710182189521976_n-150x113.jpg 150w, https:\/\/www.franciscansusa.org\/wp-content\/uploads\/2022\/10\/310384099_10159984777578632_7220710182189521976_n-533x400.jpg 533w, https:\/\/www.franciscansusa.org\/wp-content\/uploads\/2022\/10\/310384099_10159984777578632_7220710182189521976_n-600x450.jpg 600w, https:\/\/www.franciscansusa.org\/wp-content\/uploads\/2022\/10\/310384099_10159984777578632_7220710182189521976_n.jpg 1600w\" sizes=\"auto, (max-width: 1024px) 100vw, 1024px\" \/><\/div><\/div><\/div><\/div><\/div><\/div><\/div><\/section><section class=\"l-section wpb_row height_medium\"><div class=\"l-section-h i-cf\"><div class=\"g-cols vc_row type_default valign_top\"><div class=\"vc_col-sm-12 wpb_column vc_column_container\"><div class=\"vc_column-inner\"><div class=\"wpb_wrapper\"><div class=\"wpb_text_column\" ><div class=\"wpb_wrapper\"><h4>Preguntas y respuestas con el padre John Pozhathuparambil<\/h4>\n<p><strong>\u00bfC\u00f3mo involucra a los estudiantes para que se involucren m\u00e1s en los esfuerzos ambientales?<\/strong><\/p>\n<p>Creo que la educaci\u00f3n, la atenci\u00f3n plena y la acci\u00f3n son esenciales en los esfuerzos ambientales. Muchas veces damos las cosas por hecho y est\u00e1 la explotaci\u00f3n de los recursos naturales. Ser\u00e1 dif\u00edcil para la pr\u00f3xima generaci\u00f3n si todos se vuelven codiciosos y sobreexplotan los recursos naturales, desde los grifos de la cocina hasta la conducci\u00f3n de autom\u00f3viles. Entonces, surge una pregunta apremiante: \u00bfQu\u00e9 tipo de tierra (planeta) le dejaremos a la pr\u00f3xima generaci\u00f3n? Lo que hemos hecho es totalmente devastador. No somos due\u00f1os del universo. Respondiendo a esta pregunta, creo que debemos comenzar con las cosas simples. Con la ayuda del p. George, el personal y la facultad, organic\u00e9 un programa de dos semanas en el campus de la Universidad de Bellarmine en el campus de Laudato Si relacionado con la fiesta de San Francisco. La celebraci\u00f3n comenz\u00f3 con una Peregrinaci\u00f3n del \u00c1rbol en el campus. Los estudiantes aprendieron mucho sobre visitar algunos \u00e1rboles en el campus, c\u00f3mo marcan la diferencia en nuestras vidas y c\u00f3mo apoyan a los seres animales. Otra celebraci\u00f3n fue la donaci\u00f3n gratuita de plantas. Los estudiantes replantaron una planta en una maceta nueva, le dieron un nombre y la llevaron a su dormitorio. Ver a los estudiantes caminar con la planta en el campus e interactuar con sus amigos fue una gran vista. Tambi\u00e9n creo que al desarrollar una relaci\u00f3n con esta planta, lentamente formar\u00e1n una relaci\u00f3n con otras plantas, llev\u00e1ndolos a cuidar nuestro hogar com\u00fan y ser conscientes de los problemas ambientales m\u00e1s amplios. Alrededor de 200 estudiantes participaron en este evento. Hemos estado haciendo esto durante los \u00faltimos 12 a\u00f1os. Se les dio una breve reflexi\u00f3n de Laudato si durante el evento. Programas simples como este llevaron a los estudiantes a ser conscientes y actuar. Otros eventos fueron trabajar en el jard\u00edn y eliminar especies invasoras del campus. El cl\u00edmax del programa fue un retiro de campamento en Mount St. Francis. La naturaleza puede ense\u00f1arnos mucho, darnos paz y rejuvenecer nuestro esp\u00edritu a un nivel m\u00e1s profundo sobre el poder de la convivencia. La chef ambientalista Anne-Marie Bonneau dijo: \u201cNo necesitamos un pu\u00f1ado de personas que hagan un trabajo ambiental perfecto, necesitamos millones de personas que lo hagan de manera imperfecta\u201d.<\/p>\n<p><strong>\u00bfCu\u00e1l crees que es la acci\u00f3n m\u00e1s importante que deben tomar los estudiantes y otras personas con respecto a Laudato Si?<\/strong><\/p>\n<p>Educar a los estudiantes en temas ambientales es la acci\u00f3n m\u00e1s importante. Son futuros l\u00edderes. Necesitamos hablar constantemente con ellos sobre temas ambientales dentro y fuera de las aulas. La conciencia de lo que sucede en el entorno les ayudar\u00e1 a ser conscientes y crear planes de acci\u00f3n para la vida personal y la comunidad.<\/p>\n<\/div><\/div><\/div><\/div><\/div><\/div><\/div><\/section>\n<\/div>","protected":false},"excerpt":{"rendered":"Preguntas y respuestas con el padre John Pozhathuparambil \u00bfC\u00f3mo logra que los estudiantes se involucren m\u00e1s en los esfuerzos ambientales? Creo que la educaci\u00f3n, la atenci\u00f3n plena y la acci\u00f3n son esenciales en los esfuerzos ambientales. Muchas veces damos las cosas por sentado y est\u00e1 la explotaci\u00f3n de los recursos naturales. Ser\u00e1 dif\u00edcil para la pr\u00f3xima generaci\u00f3n si todos...","protected":false},"author":1,"featured_media":14578,"comment_status":"closed","ping_status":"closed","sticky":false,"template":"","format":"standard","meta":{"om_disable_all_campaigns":false,"_monsterinsights_skip_tracking":false,"_monsterinsights_sitenote_active":false,"_monsterinsights_sitenote_note":"","_monsterinsights_sitenote_category":0,"_uf_show_specific_survey":0,"_uf_disable_surveys":false,"footnotes":""},"categories":[43],"tags":[],"class_list":["post-14581","post","type-post","status-publish","format-standard","has-post-thumbnail","hentry","category-franciscan-earth-care-initiative-news"],"aioseo_notices":[],"publishpress_future_action":{"enabled":false,"date":"2026-05-02 01:17:00","action":"change-status","newStatus":"draft","terms":[],"taxonomy":"category","extraData":[]},"publishpress_future_workflow_manual_trigger":{"enabledWorkflows":[]},"_links":{"self":[{"href":"https:\/\/www.franciscansusa.org\/es\/wp-json\/wp\/v2\/posts\/14581","targetHints":{"allow":["GET"]}}],"collection":[{"href":"https:\/\/www.franciscansusa.org\/es\/wp-json\/wp\/v2\/posts"}],"about":[{"href":"https:\/\/www.franciscansusa.org\/es\/wp-json\/wp\/v2\/types\/post"}],"author":[{"embeddable":true,"href":"https:\/\/www.franciscansusa.org\/es\/wp-json\/wp\/v2\/users\/1"}],"replies":[{"embeddable":true,"href":"https:\/\/www.franciscansusa.org\/es\/wp-json\/wp\/v2\/comments?post=14581"}],"version-history":[{"count":2,"href":"https:\/\/www.franciscansusa.org\/es\/wp-json\/wp\/v2\/posts\/14581\/revisions"}],"predecessor-version":[{"id":14583,"href":"https:\/\/www.franciscansusa.org\/es\/wp-json\/wp\/v2\/posts\/14581\/revisions\/14583"}],"wp:featuredmedia":[{"embeddable":true,"href":"https:\/\/www.franciscansusa.org\/es\/wp-json\/wp\/v2\/media\/14578"}],"wp:attachment":[{"href":"https:\/\/www.franciscansusa.org\/es\/wp-json\/wp\/v2\/media?parent=14581"}],"wp:term":[{"taxonomy":"category","embeddable":true,"href":"https:\/\/www.franciscansusa.org\/es\/wp-json\/wp\/v2\/categories?post=14581"},{"taxonomy":"post_tag","embeddable":true,"href":"https:\/\/www.franciscansusa.org\/es\/wp-json\/wp\/v2\/tags?post=14581"}],"curies":[{"name":"gracias","href":"https:\/\/api.w.org\/{rel}","templated":true}]}}