{"id":19417,"date":"2024-07-27T01:20:30","date_gmt":"2024-07-27T05:20:30","guid":{"rendered":"https:\/\/www.franciscansusa.org\/?p=19417"},"modified":"2024-07-29T09:03:11","modified_gmt":"2024-07-29T13:03:11","slug":"day-7-our-ladys-shrine-at-knock-county-mayo","status":"publish","type":"post","link":"https:\/\/www.franciscansusa.org\/es\/day-7-our-ladys-shrine-at-knock-county-mayo\/","title":{"rendered":"D\u00eda 7: Santuario de Nuestra Se\u00f1ora en Knock, condado de Mayo"},"content":{"rendered":"<div class=\"wpb-content-wrapper\"><section class=\"l-section wpb_row height_medium\"><div class=\"l-section-h i-cf\"><div class=\"g-cols vc_row type_default valign_top\"><div class=\"vc_col-sm-12 wpb_column vc_column_container\"><div class=\"vc_column-inner\"><div class=\"wpb_wrapper\"><div class=\"w-image align_center\"><a href=\"https:\/\/www.franciscansusa.org\/wp-content\/uploads\/2024\/07\/IMG_8354_Original.jpeg\" ref=\"magnificPopup\" aria-label=\"Rodear a\" class=\"w-image-h\"><img loading=\"lazy\" decoding=\"async\" width=\"640\" height=\"451\" src=\"https:\/\/www.franciscansusa.org\/wp-content\/uploads\/2024\/07\/IMG_8354_Original.jpeg\" class=\"attachment-large size-large\" alt=\"\" srcset=\"https:\/\/www.franciscansusa.org\/wp-content\/uploads\/2024\/07\/IMG_8354_Original.jpeg 640w, https:\/\/www.franciscansusa.org\/wp-content\/uploads\/2024\/07\/IMG_8354_Original-300x211.jpeg 300w, https:\/\/www.franciscansusa.org\/wp-content\/uploads\/2024\/07\/IMG_8354_Original-18x12.jpeg 18w, https:\/\/www.franciscansusa.org\/wp-content\/uploads\/2024\/07\/IMG_8354_Original-150x106.jpeg 150w, https:\/\/www.franciscansusa.org\/wp-content\/uploads\/2024\/07\/IMG_8354_Original-568x400.jpeg 568w, https:\/\/www.franciscansusa.org\/wp-content\/uploads\/2024\/07\/IMG_8354_Original-600x423.jpeg 600w\" sizes=\"auto, (max-width: 640px) 100vw, 640px\" \/><\/a><\/div><div class=\"w-separator size_small\"><\/div><div class=\"wpb_text_column\" ><div class=\"wpb_wrapper\"><h2>D\u00eda 7: Santuario de Nuestra Se\u00f1ora en Knock, condado de Mayo<\/h2>\n<p>por fray Bob Roddy, OFM Conv.<\/p>\n<p>Lamentablemente, cuatro miembros de nuestro grupo de peregrinos se encontraban enfermos hoy. Conor, nuestro l\u00edder de gira, tambi\u00e9n tuvo que ausentarse para poder asistir al funeral de su t\u00eda, Kathleen. Tuvimos la suerte de que Conor contratara los servicios de una amiga y compa\u00f1era gu\u00eda, Elva, para ese d\u00eda.<\/p>\n<p>El 21 de agosto de 1879, catorce personas (hombres, mujeres y ni\u00f1os) vieron una aparici\u00f3n de la Sant\u00edsima Madre, flanqueada por San Jos\u00e9 y San Juan Evangelista con un altar a un lado y un cordero de pie sobre el altar. El altar y el cordero estaban rodeados de \u00e1ngeles. La aparici\u00f3n tuvo lugar en la parte trasera de la iglesia parroquial, al aire libre. Estas catorce personas permanecieron dos horas bajo la lluvia torrencial; Ninguna de las figuras de la aparici\u00f3n habl\u00f3 a la multitud reunida. Posteriormente, hubo muchas curaciones milagrosas que tuvieron lugar por intercesi\u00f3n de Nuestra Se\u00f1ora de Knock.<\/p>\n<p>En 1979, el Papa San Juan Pablo II celebr\u00f3 una misa al aire libre en Knock para conmemorar el centenario de la aparici\u00f3n, y en agosto de 2018, como parte del Encuentro Mundial de las Familias, el Papa Francisco visit\u00f3 Knock. En 2021, el Papa Francisco reconoci\u00f3 a Knock como Santuario Mariano y Eucar\u00edstico Internacional. Recientemente, el Santuario de Knock agreg\u00f3 una Caminata de la Creaci\u00f3n al aire libre como una forma de honrar la enc\u00edclica del Papa Francisco, <em>Laudato Si<\/em>.<\/p>\n<p>Algunas personas de nuestro grupo hab\u00edan visitado Knock antes y en nuestro grupo compartido esa noche, algunos de nuestros peregrinos hablaron del profundo efecto que su visita tuvo en ellos. Nos propusimos elevar en oraci\u00f3n a las muchas personas que han escrito a nuestros frailes con pedidos y peticiones de oraci\u00f3n. Fue un d\u00eda tranquilo en el Santuario pero todav\u00eda hab\u00eda muchos grupos de peregrinaci\u00f3n presentes. Nuestra liturgia se celebr\u00f3 en el \u201cmuro a dos aguas\u201d donde tuvo lugar la aparici\u00f3n, aunque el muro original tuvo que ser reemplazado debido a que muchas personas se llevaron un pedazo del muro a sus hogares. Hay una peque\u00f1a secci\u00f3n del muro original que est\u00e1 enmarcada y se\u00f1alizada en el exterior.<\/p>\n<p>En 1976 se construy\u00f3 una gran iglesia en el lugar para dar cabida al gran n\u00famero de peregrinos. Esta iglesia, dedicada a Nuestra Se\u00f1ora, Reina de Irlanda, fue restaurada en 2016 y el gran mosaico que se muestra a continuaci\u00f3n se a\u00f1adi\u00f3 a la pared detr\u00e1s del altar. Fue un d\u00eda conmovedor para muchos en nuestro grupo.<\/p>\n<\/div><\/div><\/div><\/div><\/div><\/div><\/div><\/section><section class=\"l-section wpb_row us_custom_5cd26a65 height_medium\"><div class=\"l-section-h i-cf\"><div class=\"g-cols vc_row type_default valign_top\"><div class=\"vc_col-sm-4 wpb_column vc_column_container\"><div class=\"vc_column-inner\"><div class=\"wpb_wrapper\"><div class=\"w-image align_center\"><a href=\"https:\/\/www.franciscansusa.org\/wp-content\/uploads\/2024\/07\/IMG_4682.jpeg\" ref=\"magnificPopup\" aria-label=\"Rodear a\" class=\"w-image-h\"><img loading=\"lazy\" decoding=\"async\" width=\"640\" height=\"480\" src=\"https:\/\/www.franciscansusa.org\/wp-content\/uploads\/2024\/07\/IMG_4682.jpeg\" class=\"attachment-large size-large\" alt=\"\" srcset=\"https:\/\/www.franciscansusa.org\/wp-content\/uploads\/2024\/07\/IMG_4682.jpeg 640w, https:\/\/www.franciscansusa.org\/wp-content\/uploads\/2024\/07\/IMG_4682-300x225.jpeg 300w, https:\/\/www.franciscansusa.org\/wp-content\/uploads\/2024\/07\/IMG_4682-16x12.jpeg 16w, https:\/\/www.franciscansusa.org\/wp-content\/uploads\/2024\/07\/IMG_4682-150x113.jpeg 150w, https:\/\/www.franciscansusa.org\/wp-content\/uploads\/2024\/07\/IMG_4682-533x400.jpeg 533w, https:\/\/www.franciscansusa.org\/wp-content\/uploads\/2024\/07\/IMG_4682-600x450.jpeg 600w\" sizes=\"auto, (max-width: 640px) 100vw, 640px\" \/><\/a><\/div><\/div><\/div><\/div><div class=\"vc_col-sm-4 wpb_column vc_column_container\"><div class=\"vc_column-inner\"><div class=\"wpb_wrapper\"><div class=\"w-image align_center\"><a href=\"https:\/\/www.franciscansusa.org\/wp-content\/uploads\/2024\/07\/IMG_4690.jpeg\" ref=\"magnificPopup\" aria-label=\"Rodear a\" class=\"w-image-h\"><img loading=\"lazy\" decoding=\"async\" width=\"480\" height=\"640\" src=\"https:\/\/www.franciscansusa.org\/wp-content\/uploads\/2024\/07\/IMG_4690.jpeg\" class=\"attachment-large size-large\" alt=\"\" srcset=\"https:\/\/www.franciscansusa.org\/wp-content\/uploads\/2024\/07\/IMG_4690.jpeg 480w, https:\/\/www.franciscansusa.org\/wp-content\/uploads\/2024\/07\/IMG_4690-225x300.jpeg 225w, https:\/\/www.franciscansusa.org\/wp-content\/uploads\/2024\/07\/IMG_4690-9x12.jpeg 9w, https:\/\/www.franciscansusa.org\/wp-content\/uploads\/2024\/07\/IMG_4690-113x150.jpeg 113w, https:\/\/www.franciscansusa.org\/wp-content\/uploads\/2024\/07\/IMG_4690-300x400.jpeg 300w, https:\/\/www.franciscansusa.org\/wp-content\/uploads\/2024\/07\/IMG_4690-450x600.jpeg 450w\" sizes=\"auto, (max-width: 480px) 100vw, 480px\" \/><\/a><\/div><\/div><\/div><\/div><div class=\"vc_col-sm-4 wpb_column vc_column_container\"><div class=\"vc_column-inner\"><div class=\"wpb_wrapper\"><div class=\"w-image align_center\"><a href=\"https:\/\/www.franciscansusa.org\/wp-content\/uploads\/2024\/07\/IMG_4694.jpeg\" ref=\"magnificPopup\" aria-label=\"Rodear a\" class=\"w-image-h\"><img loading=\"lazy\" decoding=\"async\" width=\"480\" height=\"640\" src=\"https:\/\/www.franciscansusa.org\/wp-content\/uploads\/2024\/07\/IMG_4694.jpeg\" class=\"attachment-large size-large\" alt=\"\" srcset=\"https:\/\/www.franciscansusa.org\/wp-content\/uploads\/2024\/07\/IMG_4694.jpeg 480w, https:\/\/www.franciscansusa.org\/wp-content\/uploads\/2024\/07\/IMG_4694-225x300.jpeg 225w, https:\/\/www.franciscansusa.org\/wp-content\/uploads\/2024\/07\/IMG_4694-9x12.jpeg 9w, https:\/\/www.franciscansusa.org\/wp-content\/uploads\/2024\/07\/IMG_4694-113x150.jpeg 113w, https:\/\/www.franciscansusa.org\/wp-content\/uploads\/2024\/07\/IMG_4694-300x400.jpeg 300w, https:\/\/www.franciscansusa.org\/wp-content\/uploads\/2024\/07\/IMG_4694-450x600.jpeg 450w\" sizes=\"auto, (max-width: 480px) 100vw, 480px\" \/><\/a><\/div><\/div><\/div><\/div><\/div><\/div><\/section>\n<\/div>","protected":false},"excerpt":{"rendered":"D\u00eda 7: Santuario de Nuestra Se\u00f1ora en Knock, condado de Mayo Por el fraile Bob Roddy, OFM Conv. Lamentablemente, cuatro miembros de nuestro grupo de peregrinos no se sent\u00edan bien hoy. Conor, nuestro gu\u00eda, tambi\u00e9n tuvo que ausentarse para poder asistir al funeral de su t\u00eda, Kathleen. Tuvimos la suerte de que Conor consiguiera...","protected":false},"author":8,"featured_media":19418,"comment_status":"open","ping_status":"closed","sticky":false,"template":"","format":"standard","meta":{"om_disable_all_campaigns":false,"_monsterinsights_skip_tracking":false,"_monsterinsights_sitenote_active":false,"_monsterinsights_sitenote_note":"","_monsterinsights_sitenote_category":0,"_uf_show_specific_survey":0,"_uf_disable_surveys":false,"footnotes":""},"categories":[128,129],"tags":[],"class_list":["post-19417","post","type-post","status-publish","format-standard","has-post-thumbnail","hentry","category-friar-blogs","category-friar-bob-roddy-ofm-conv"],"aioseo_notices":[],"publishpress_future_action":{"enabled":false,"date":"2026-05-04 16:17:15","action":"change-status","newStatus":"draft","terms":[],"taxonomy":"category","extraData":[]},"publishpress_future_workflow_manual_trigger":{"enabledWorkflows":[]},"_links":{"self":[{"href":"https:\/\/www.franciscansusa.org\/es\/wp-json\/wp\/v2\/posts\/19417","targetHints":{"allow":["GET"]}}],"collection":[{"href":"https:\/\/www.franciscansusa.org\/es\/wp-json\/wp\/v2\/posts"}],"about":[{"href":"https:\/\/www.franciscansusa.org\/es\/wp-json\/wp\/v2\/types\/post"}],"author":[{"embeddable":true,"href":"https:\/\/www.franciscansusa.org\/es\/wp-json\/wp\/v2\/users\/8"}],"replies":[{"embeddable":true,"href":"https:\/\/www.franciscansusa.org\/es\/wp-json\/wp\/v2\/comments?post=19417"}],"version-history":[{"count":3,"href":"https:\/\/www.franciscansusa.org\/es\/wp-json\/wp\/v2\/posts\/19417\/revisions"}],"predecessor-version":[{"id":19443,"href":"https:\/\/www.franciscansusa.org\/es\/wp-json\/wp\/v2\/posts\/19417\/revisions\/19443"}],"wp:featuredmedia":[{"embeddable":true,"href":"https:\/\/www.franciscansusa.org\/es\/wp-json\/wp\/v2\/media\/19418"}],"wp:attachment":[{"href":"https:\/\/www.franciscansusa.org\/es\/wp-json\/wp\/v2\/media?parent=19417"}],"wp:term":[{"taxonomy":"category","embeddable":true,"href":"https:\/\/www.franciscansusa.org\/es\/wp-json\/wp\/v2\/categories?post=19417"},{"taxonomy":"post_tag","embeddable":true,"href":"https:\/\/www.franciscansusa.org\/es\/wp-json\/wp\/v2\/tags?post=19417"}],"curies":[{"name":"gracias","href":"https:\/\/api.w.org\/{rel}","templated":true}]}}