{"id":21949,"date":"2025-06-05T14:33:37","date_gmt":"2025-06-05T18:33:37","guid":{"rendered":"https:\/\/www.franciscansusa.org\/?p=21949"},"modified":"2025-06-05T14:34:12","modified_gmt":"2025-06-05T18:34:12","slug":"song-of-peace-franciscan-diplomacy-and-the-canticle-of-creatures","status":"publish","type":"post","link":"https:\/\/www.franciscansusa.org\/es\/song-of-peace-franciscan-diplomacy-and-the-canticle-of-creatures\/","title":{"rendered":"Canto de Paz \u2013 La Diplomacia Franciscana y el C\u00e1ntico de las Criaturas"},"content":{"rendered":"<div class=\"wpb-content-wrapper\"><section class=\"l-section wpb_row height_medium\"><div class=\"l-section-h i-cf\"><div class=\"g-cols vc_row type_default valign_top\"><div class=\"vc_col-sm-12 wpb_column vc_column_container\"><div class=\"vc_column-inner\"><div class=\"wpb_wrapper\"><div class=\"w-image align_none\"><div class=\"w-image-h\"><img loading=\"lazy\" decoding=\"async\" width=\"1024\" height=\"345\" src=\"https:\/\/www.franciscansusa.org\/wp-content\/uploads\/2025\/06\/song-of-peace-header-1024x345.jpg\" class=\"attachment-large size-large\" alt=\"\" srcset=\"https:\/\/www.franciscansusa.org\/wp-content\/uploads\/2025\/06\/song-of-peace-header-1024x345.jpg 1024w, https:\/\/www.franciscansusa.org\/wp-content\/uploads\/2025\/06\/song-of-peace-header-300x101.jpg 300w, https:\/\/www.franciscansusa.org\/wp-content\/uploads\/2025\/06\/song-of-peace-header-18x6.jpg 18w, https:\/\/www.franciscansusa.org\/wp-content\/uploads\/2025\/06\/song-of-peace-header-150x50.jpg 150w, https:\/\/www.franciscansusa.org\/wp-content\/uploads\/2025\/06\/song-of-peace-header-600x202.jpg 600w, https:\/\/www.franciscansusa.org\/wp-content\/uploads\/2025\/06\/song-of-peace-header.jpg 1400w\" sizes=\"auto, (max-width: 1024px) 100vw, 1024px\" \/><\/div><\/div><div class=\"w-separator size_small\"><\/div><div class=\"wpb_text_column us_custom_03f3d98b has_text_color\" ><div class=\"wpb_wrapper\"><p><strong>Adaptado de los escritos de los frailes Robert Melnick, OFM Conv., y Joseph Wood, OFM Conv., en Franciscan Conventuals \u2013 Frailes de la Comunidad<\/strong><\/p>\n<p>Hace ochocientos a\u00f1os, en un mundo desgarrado por el conflicto, San Francisco de As\u00eds compuso una canci\u00f3n, no para reyes ni guerreros, sino para todas las criaturas. Su <em>C\u00e1ntico de las criaturas<\/em> Fue m\u00e1s que un himno; fue un acto diplom\u00e1tico, un llamado a la paz en un mundo dividido por el poder y la ambici\u00f3n. A trav\u00e9s de la poes\u00eda, Francisco transform\u00f3 la manera en que la gente entend\u00eda la autoridad, no a trav\u00e9s del dominio, sino a trav\u00e9s de la alabanza compartida al Creador.<\/p>\n<p>Los frailes Robert Melnick, OFM Conv., y Joseph Wood, OFM Conv., en su libro Franciscanos Conventuales \u2013 Frailes de la Comunidad, exploran c\u00f3mo la verdadera autoridad no reside en la coerci\u00f3n, sino en la capacidad de armonizar el poder con la responsabilidad y la ambici\u00f3n con la reconciliaci\u00f3n. Este fue el m\u00e9todo de Francisco, quien, a pesar de su sencilla vestimenta y sus pies descalzos, se present\u00f3 ante gobernantes y emperadores, no ofreciendo exigencias, sino di\u00e1logo.<\/p>\n<p>El enfoque diplom\u00e1tico de Francisco estaba profundamente arraigado en la humildad y la verdad. No hablaba para derribar, sino para reconstruir, recordando incluso a los m\u00e1s poderosos su humanidad compartida. Su encuentro con el sult\u00e1n de Egipto durante la Quinta Cruzada se erige como uno de los grandes momentos de di\u00e1logo interreligioso de la historia, un encuentro de respeto m\u00e1s que de conquista. De igual manera, cuando la divisi\u00f3n amenaz\u00f3 su ciudad natal, As\u00eds, Francisco no eligi\u00f3 un bando; eligi\u00f3 una canci\u00f3n. Sus frailes cantaron... <em>C\u00e1ntico de las criaturas<\/em> con un verso adicional pidiendo perd\u00f3n, y el obispo y el alcalde enfrentados se conmovieron hasta las l\u00e1grimas, reconcili\u00e1ndose p\u00fablicamente ante el pueblo.<\/p>\n<p>Como enfatizan los frailes Melnick y Wood, este modelo franciscano de reconciliaci\u00f3n no se limita a la historia; sigue siendo un desaf\u00edo vivo para nosotros hoy. <em>C\u00e1ntico de las criaturas<\/em> Nos recuerda que la creaci\u00f3n misma nos llama a la unidad. Cuando reconocemos nuestra conexi\u00f3n con el &quot;Hermano Sol&quot; y la &quot;Hermana Luna&quot;, reconocemos que la paz no es solo un ideal, sino una responsabilidad. El camino franciscano no niega el conflicto, sino que busca transformarlo, invitando a todos a escuchar, a reflexionar y, en \u00faltima instancia, a reconciliarse.<br \/>\nIncluso en nuestro mundo moderno, lleno de sus propias rivalidades y divisiones, las lecciones de la diplomacia de Francisco perduran. El poder no siempre cede ante la fuerza, pero a menudo se doblega ante la belleza. Los muros pueden resistir las espadas, pero se derrumban ante una canci\u00f3n.<\/p>\n<p>Al celebrar los 800 a\u00f1os de la <em>C\u00e1ntico de las criaturas<\/em>Se nos recuerda que sus versos a\u00fan tienen el peso de la verdad. Para ser pacificadores en nuestro tiempo, debemos acoger la sabidur\u00eda de Francisco: hablar con sinceridad, tender puentes donde otros levantar\u00edan muros y dejar que nuestras voces, como la suya, sean instrumentos de paz.<\/p>\n<\/div><\/div><\/div><\/div><\/div><\/div><\/div><\/section>\n<\/div>","protected":false},"excerpt":{"rendered":"Adaptado de los escritos de los frailes Robert Melnick, OFM Conv., y Joseph Wood, OFM Conv., en Franciscanos Conventuales \u2013 Frailes de la Comunidad. Hace ochocientos a\u00f1os, en un mundo desgarrado por el conflicto, San Francisco de As\u00eds compuso un c\u00e1ntico, no para reyes ni guerreros, sino para todas las criaturas. Su C\u00e1ntico de las Criaturas fue m\u00e1s...","protected":false},"author":1,"featured_media":21950,"comment_status":"open","ping_status":"closed","sticky":false,"template":"","format":"standard","meta":{"om_disable_all_campaigns":false,"_monsterinsights_skip_tracking":false,"_monsterinsights_sitenote_active":false,"_monsterinsights_sitenote_note":"","_monsterinsights_sitenote_category":0,"_uf_show_specific_survey":0,"_uf_disable_surveys":false,"footnotes":""},"categories":[132],"tags":[],"class_list":["post-21949","post","type-post","status-publish","format-standard","has-post-thumbnail","hentry","category-2025-summer-newsletter-canticle-of-the-creatures"],"aioseo_notices":[],"publishpress_future_action":{"enabled":false,"date":"2026-05-04 14:41:35","action":"change-status","newStatus":"draft","terms":[],"taxonomy":"category","extraData":[]},"publishpress_future_workflow_manual_trigger":{"enabledWorkflows":[]},"_links":{"self":[{"href":"https:\/\/www.franciscansusa.org\/es\/wp-json\/wp\/v2\/posts\/21949","targetHints":{"allow":["GET"]}}],"collection":[{"href":"https:\/\/www.franciscansusa.org\/es\/wp-json\/wp\/v2\/posts"}],"about":[{"href":"https:\/\/www.franciscansusa.org\/es\/wp-json\/wp\/v2\/types\/post"}],"author":[{"embeddable":true,"href":"https:\/\/www.franciscansusa.org\/es\/wp-json\/wp\/v2\/users\/1"}],"replies":[{"embeddable":true,"href":"https:\/\/www.franciscansusa.org\/es\/wp-json\/wp\/v2\/comments?post=21949"}],"version-history":[{"count":2,"href":"https:\/\/www.franciscansusa.org\/es\/wp-json\/wp\/v2\/posts\/21949\/revisions"}],"predecessor-version":[{"id":21952,"href":"https:\/\/www.franciscansusa.org\/es\/wp-json\/wp\/v2\/posts\/21949\/revisions\/21952"}],"wp:featuredmedia":[{"embeddable":true,"href":"https:\/\/www.franciscansusa.org\/es\/wp-json\/wp\/v2\/media\/21950"}],"wp:attachment":[{"href":"https:\/\/www.franciscansusa.org\/es\/wp-json\/wp\/v2\/media?parent=21949"}],"wp:term":[{"taxonomy":"category","embeddable":true,"href":"https:\/\/www.franciscansusa.org\/es\/wp-json\/wp\/v2\/categories?post=21949"},{"taxonomy":"post_tag","embeddable":true,"href":"https:\/\/www.franciscansusa.org\/es\/wp-json\/wp\/v2\/tags?post=21949"}],"curies":[{"name":"gracias","href":"https:\/\/api.w.org\/{rel}","templated":true}]}}