{"id":21961,"date":"2025-06-05T14:56:27","date_gmt":"2025-06-05T18:56:27","guid":{"rendered":"https:\/\/www.franciscansusa.org\/?p=21961"},"modified":"2025-06-05T14:57:34","modified_gmt":"2025-06-05T18:57:34","slug":"in-loving-memory-of-pope-francis","status":"publish","type":"post","link":"https:\/\/www.franciscansusa.org\/es\/in-loving-memory-of-pope-francis\/","title":{"rendered":"En memoria amorosa del Papa Francisco"},"content":{"rendered":"<div class=\"wpb-content-wrapper\"><section class=\"l-section wpb_row height_medium\"><div class=\"l-section-h i-cf\"><div class=\"g-cols vc_row type_default valign_top\"><div class=\"vc_col-sm-12 wpb_column vc_column_container\"><div class=\"vc_column-inner\"><div class=\"wpb_wrapper\"><div class=\"w-image align_none\"><div class=\"w-image-h\"><img loading=\"lazy\" decoding=\"async\" width=\"1024\" height=\"577\" src=\"https:\/\/www.franciscansusa.org\/wp-content\/uploads\/2025\/06\/pope-franics-blessing-baby-1024x577.png\" class=\"attachment-large size-large\" alt=\"\" srcset=\"https:\/\/www.franciscansusa.org\/wp-content\/uploads\/2025\/06\/pope-franics-blessing-baby-1024x577.png 1024w, https:\/\/www.franciscansusa.org\/wp-content\/uploads\/2025\/06\/pope-franics-blessing-baby-300x169.png 300w, https:\/\/www.franciscansusa.org\/wp-content\/uploads\/2025\/06\/pope-franics-blessing-baby-18x10.png 18w, https:\/\/www.franciscansusa.org\/wp-content\/uploads\/2025\/06\/pope-franics-blessing-baby-150x85.png 150w, https:\/\/www.franciscansusa.org\/wp-content\/uploads\/2025\/06\/pope-franics-blessing-baby-600x338.png 600w, https:\/\/www.franciscansusa.org\/wp-content\/uploads\/2025\/06\/pope-franics-blessing-baby.png 1200w\" sizes=\"auto, (max-width: 1024px) 100vw, 1024px\" \/><\/div><\/div><div class=\"w-separator size_small\"><\/div><div class=\"wpb_text_column us_custom_03f3d98b has_text_color\" ><div class=\"wpb_wrapper\"><h2>En memoria amorosa del Papa Francisco<\/h2>\n<p>Con el coraz\u00f3n lleno de gratitud, recordamos al Papa Francisco, nuestro amado Santo Padre, el primer papa de Am\u00e9rica y un humilde seguidor de San Francisco de As\u00eds. Su papado se caracteriz\u00f3 por la compasi\u00f3n, la sencillez y un inquebrantable llamado a cuidar de los pobres, de la Tierra y de los dem\u00e1s.<br \/>\nEl Papa Francisco nos record\u00f3 que la Iglesia es un hospital de campa\u00f1a, donde las heridas se curan con misericordia y amor. Nos ret\u00f3 a ver a Cristo en el rostro de cada refugiado, cada preso y cada alma marginada. En sus enc\u00edclicas... <em>Laudato Si&#039;<\/em> y <em>Fratelli Tutti<\/em>, llam\u00f3 al mundo a una solidaridad radical y a una conversi\u00f3n ecol\u00f3gica, principios queridos por nuestro estilo de vida franciscano.<\/p>\n<p>Al lamentar su fallecimiento, damos gracias por la luz que trajo a nuestro mundo y la valent\u00eda que inspir\u00f3 en tantos. Su esp\u00edritu franciscano perdura en cada acto de bondad, cada clamor por la justicia y cada paso hacia la paz.<\/p>\n<p>Honraremos al Papa Francisco en una Edici\u00f3n Especial del <em>Bolet\u00edn de San Antonio<\/em>Dedicado por completo a su vida, testimonio y legado. Los invitamos a unirse a nosotros en oraci\u00f3n y reflexi\u00f3n para agradecer su extraordinario servicio a la Iglesia y al mundo.<\/p>\n<\/div><\/div><\/div><\/div><\/div><\/div><\/div><\/section>\n<\/div>","protected":false},"excerpt":{"rendered":"En memoria del Papa Francisco. Con el coraz\u00f3n lleno de gratitud, recordamos al Papa Francisco, nuestro amado Santo Padre, el primer papa de Am\u00e9rica y un humilde seguidor de San Francisco de As\u00eds. Su papado se caracteriz\u00f3 por la compasi\u00f3n, la sencillez y un inquebrantable llamado a cuidar de los pobres, de la Tierra y de los dem\u00e1s. Papa...","protected":false},"author":1,"featured_media":21962,"comment_status":"open","ping_status":"closed","sticky":false,"template":"","format":"standard","meta":{"om_disable_all_campaigns":false,"_monsterinsights_skip_tracking":false,"_monsterinsights_sitenote_active":false,"_monsterinsights_sitenote_note":"","_monsterinsights_sitenote_category":0,"_uf_show_specific_survey":0,"_uf_disable_surveys":false,"footnotes":""},"categories":[132],"tags":[],"class_list":["post-21961","post","type-post","status-publish","format-standard","has-post-thumbnail","hentry","category-2025-summer-newsletter-canticle-of-the-creatures"],"aioseo_notices":[],"publishpress_future_action":{"enabled":false,"date":"2026-05-04 14:29:41","action":"change-status","newStatus":"draft","terms":[],"taxonomy":"category","extraData":[]},"publishpress_future_workflow_manual_trigger":{"enabledWorkflows":[]},"_links":{"self":[{"href":"https:\/\/www.franciscansusa.org\/es\/wp-json\/wp\/v2\/posts\/21961","targetHints":{"allow":["GET"]}}],"collection":[{"href":"https:\/\/www.franciscansusa.org\/es\/wp-json\/wp\/v2\/posts"}],"about":[{"href":"https:\/\/www.franciscansusa.org\/es\/wp-json\/wp\/v2\/types\/post"}],"author":[{"embeddable":true,"href":"https:\/\/www.franciscansusa.org\/es\/wp-json\/wp\/v2\/users\/1"}],"replies":[{"embeddable":true,"href":"https:\/\/www.franciscansusa.org\/es\/wp-json\/wp\/v2\/comments?post=21961"}],"version-history":[{"count":2,"href":"https:\/\/www.franciscansusa.org\/es\/wp-json\/wp\/v2\/posts\/21961\/revisions"}],"predecessor-version":[{"id":21964,"href":"https:\/\/www.franciscansusa.org\/es\/wp-json\/wp\/v2\/posts\/21961\/revisions\/21964"}],"wp:featuredmedia":[{"embeddable":true,"href":"https:\/\/www.franciscansusa.org\/es\/wp-json\/wp\/v2\/media\/21962"}],"wp:attachment":[{"href":"https:\/\/www.franciscansusa.org\/es\/wp-json\/wp\/v2\/media?parent=21961"}],"wp:term":[{"taxonomy":"category","embeddable":true,"href":"https:\/\/www.franciscansusa.org\/es\/wp-json\/wp\/v2\/categories?post=21961"},{"taxonomy":"post_tag","embeddable":true,"href":"https:\/\/www.franciscansusa.org\/es\/wp-json\/wp\/v2\/tags?post=21961"}],"curies":[{"name":"gracias","href":"https:\/\/api.w.org\/{rel}","templated":true}]}}