{"id":22107,"date":"2025-06-19T08:26:18","date_gmt":"2025-06-19T12:26:18","guid":{"rendered":"https:\/\/www.franciscansusa.org\/?p=22107"},"modified":"2025-06-19T09:57:13","modified_gmt":"2025-06-19T13:57:13","slug":"his-last-easter-passover","status":"publish","type":"post","link":"https:\/\/www.franciscansusa.org\/es\/his-last-easter-passover\/","title":{"rendered":"Su \u00faltima Pascua de Resurrecci\u00f3n"},"content":{"rendered":"<div class=\"wpb-content-wrapper\"><section class=\"l-section wpb_row height_medium\"><div class=\"l-section-h i-cf\"><div class=\"g-cols vc_row type_default valign_top\"><div class=\"vc_col-sm-12 wpb_column vc_column_container\"><div class=\"vc_column-inner\"><div class=\"wpb_wrapper\"><div class=\"wpb_text_column us_custom_03f3d98b has_text_color\" ><div class=\"wpb_wrapper\"><h2>Su \u00faltima Pascua de Resurrecci\u00f3n<\/h2>\n<p><strong>Por el obispo John Stowe, OFM Conv.<\/strong><\/p>\n<p>El Papa Francisco pronunci\u00f3 su \u00faltimo y sincero llamado a la paz mundial en su bendici\u00f3n del Domingo de Pascua a la ciudad de Roma y al mundo entero. Aunque demasiado d\u00e9bil para leer las palabras, el Papa Francisco se sent\u00f3 en silla de ruedas en el balc\u00f3n de la Bas\u00edlica de San Pedro, donde hab\u00eda sido presentado al mundo doce a\u00f1os antes. Aquella noche, hace doce a\u00f1os, la plaza estaba repleta de gente de todos los rincones del mundo, curiosa por este Obispo de Roma, que se conmovi\u00f3 r\u00e1pidamente con su sonrisa, su sencillez al hablar, su vestimenta y su petici\u00f3n de oraciones, que hizo guardar silencio a la multitud. Su pontificado comenz\u00f3 a finales de la Cuaresma de 2013 y finaliz\u00f3 el Lunes de Pascua de 2025.<\/p>\n<p>Su instalaci\u00f3n fue en la festividad de San Jos\u00e9, justo antes de la Semana Santa de ese a\u00f1o, y en medio de todos los gestos y acciones que revelaban su personalidad y prioridades, el Papa Francisco sorprendi\u00f3 a todos (y molest\u00f3 a m\u00e1s de uno) al celebrar la <em>Misa de la Cena del Se\u00f1or<\/em> El Jueves Santo, en una prisi\u00f3n, lavando los pies a presos, incluyendo mujeres y musulmanes. La Iglesia de los pobres y para los pobres que anhelaba no era te\u00f3rica; su misi\u00f3n de mayor inclusi\u00f3n comenz\u00f3 de inmediato. En su \u00faltimo Jueves Santo, pocos d\u00edas antes de su partida, aunque demasiado d\u00e9bil para celebrar la misa, y mucho menos para lavar los pies, visit\u00f3 una vez m\u00e1s una prisi\u00f3n, llevando en su persona la presencia real de Cristo.<\/p>\n<p>En su \u00faltimo Viernes Santo, se ofrecieron oraciones por su salud y bienestar, pero no se le vio en la Bas\u00edlica para la Liturgia. Sin embargo, regal\u00f3 al mundo hermosas reflexiones sobre... <em>V\u00eda Crucis<\/em>, que se leyeron durante el servicio nocturno habitual en el Coliseo. Al incluir tantos temas de todo su papado, el Santo Padre nos gui\u00f3 a reflexionar sobre el contraste entre la econom\u00eda de la gratuidad, ejemplificada por Jes\u00fas al entregar su vida por nosotros, y una econom\u00eda de la exclusi\u00f3n que prolonga el sufrimiento de muchos mientras brinda prosperidad a unos pocos. Fue como si el propio Francisco estuviera en el papel de Jes\u00fas en la Octava Estaci\u00f3n, ofreciendo consuelo a las mujeres afligidas incluso en medio de su propio sufrimiento. El Papa Francisco volvi\u00f3 a retomar las palabras de su hom\u00f3nimo y concluy\u00f3 su... <em>V\u00eda Crucis<\/em> con San Francisco <em>Oraci\u00f3n ante el Crucifijo<\/em>, orando, \u201cconc\u00e9deme Se\u00f1or sabidur\u00eda y entendimiento para que pueda hacer tu verdadera y santa voluntad\u201d.<\/p>\n<p>Este primer papa jesuita y el primer papa latinoamericano realmente concentr\u00f3 la atenci\u00f3n y la preocupaci\u00f3n de la Iglesia en quienes se encontraban en las periferias del mundo. Se acerc\u00f3 al sufrimiento humano, desviando a menudo la luz que lo iluminaba para iluminar tanto sufrimiento y muerte que muchos poderosos ignoraban voluntariamente. Desde el Vaticano \u2014que ahora ofrece duchas, comida para personas sin hogar y alojamiento para refugiados\u2014 hasta las zonas de guerra de todo el mundo, donde el papa Francisco fue intencionalmente para acercarse a los heridos, vio a Cristo en el sufrimiento y nos llam\u00f3 a todos a ir m\u00e1s all\u00e1 de nosotros mismos para encontrar a Cristo en ellos. \u00a1Sigamos su ejemplo!<\/p>\n<\/div><\/div><div class=\"w-image align_center\"><div class=\"w-image-h\"><img loading=\"lazy\" decoding=\"async\" width=\"1024\" height=\"370\" src=\"https:\/\/www.franciscansusa.org\/wp-content\/uploads\/2025\/06\/franciscus-header-1024x370.jpg\" class=\"attachment-large size-large\" alt=\"\" srcset=\"https:\/\/www.franciscansusa.org\/wp-content\/uploads\/2025\/06\/franciscus-header-1024x370.jpg 1024w, https:\/\/www.franciscansusa.org\/wp-content\/uploads\/2025\/06\/franciscus-header-300x108.jpg 300w, https:\/\/www.franciscansusa.org\/wp-content\/uploads\/2025\/06\/franciscus-header-18x7.jpg 18w, https:\/\/www.franciscansusa.org\/wp-content\/uploads\/2025\/06\/franciscus-header-150x54.jpg 150w, https:\/\/www.franciscansusa.org\/wp-content\/uploads\/2025\/06\/franciscus-header-600x217.jpg 600w, https:\/\/www.franciscansusa.org\/wp-content\/uploads\/2025\/06\/franciscus-header.jpg 1400w\" sizes=\"auto, (max-width: 1024px) 100vw, 1024px\" \/><\/div><\/div><\/div><\/div><\/div><\/div><\/div><\/section>\n<\/div>","protected":false},"excerpt":{"rendered":"Su \u00faltima Pascua. Por el Obispo John Stowe, OFM Conv. El Papa Francisco hizo su \u00faltimo y sentido llamado por la paz al mundo en su bendici\u00f3n del Domingo de Pascua a la ciudad de Roma y al mundo. Aunque demasiado d\u00e9bil para leer las palabras, el Papa Francisco se sent\u00f3 en silla de ruedas en el balc\u00f3n de la iglesia de San...","protected":false},"author":1,"featured_media":22108,"comment_status":"open","ping_status":"closed","sticky":false,"template":"","format":"standard","meta":{"om_disable_all_campaigns":false,"_monsterinsights_skip_tracking":false,"_monsterinsights_sitenote_active":false,"_monsterinsights_sitenote_note":"","_monsterinsights_sitenote_category":0,"_uf_show_specific_survey":0,"_uf_disable_surveys":false,"footnotes":""},"categories":[133],"tags":[],"class_list":["post-22107","post","type-post","status-publish","format-standard","has-post-thumbnail","hentry","category-2025-special-edition-newsletter-franciscus"],"aioseo_notices":[],"publishpress_future_action":{"enabled":false,"date":"2026-05-06 07:30:30","action":"change-status","newStatus":"draft","terms":[],"taxonomy":"category","extraData":[]},"publishpress_future_workflow_manual_trigger":{"enabledWorkflows":[]},"_links":{"self":[{"href":"https:\/\/www.franciscansusa.org\/es\/wp-json\/wp\/v2\/posts\/22107","targetHints":{"allow":["GET"]}}],"collection":[{"href":"https:\/\/www.franciscansusa.org\/es\/wp-json\/wp\/v2\/posts"}],"about":[{"href":"https:\/\/www.franciscansusa.org\/es\/wp-json\/wp\/v2\/types\/post"}],"author":[{"embeddable":true,"href":"https:\/\/www.franciscansusa.org\/es\/wp-json\/wp\/v2\/users\/1"}],"replies":[{"embeddable":true,"href":"https:\/\/www.franciscansusa.org\/es\/wp-json\/wp\/v2\/comments?post=22107"}],"version-history":[{"count":2,"href":"https:\/\/www.franciscansusa.org\/es\/wp-json\/wp\/v2\/posts\/22107\/revisions"}],"predecessor-version":[{"id":22151,"href":"https:\/\/www.franciscansusa.org\/es\/wp-json\/wp\/v2\/posts\/22107\/revisions\/22151"}],"wp:featuredmedia":[{"embeddable":true,"href":"https:\/\/www.franciscansusa.org\/es\/wp-json\/wp\/v2\/media\/22108"}],"wp:attachment":[{"href":"https:\/\/www.franciscansusa.org\/es\/wp-json\/wp\/v2\/media?parent=22107"}],"wp:term":[{"taxonomy":"category","embeddable":true,"href":"https:\/\/www.franciscansusa.org\/es\/wp-json\/wp\/v2\/categories?post=22107"},{"taxonomy":"post_tag","embeddable":true,"href":"https:\/\/www.franciscansusa.org\/es\/wp-json\/wp\/v2\/tags?post=22107"}],"curies":[{"name":"gracias","href":"https:\/\/api.w.org\/{rel}","templated":true}]}}