{"id":22111,"date":"2025-06-19T08:31:46","date_gmt":"2025-06-19T12:31:46","guid":{"rendered":"https:\/\/www.franciscansusa.org\/?p=22111"},"modified":"2025-06-19T09:59:03","modified_gmt":"2025-06-19T13:59:03","slug":"pope-francis-taught","status":"publish","type":"post","link":"https:\/\/www.franciscansusa.org\/es\/pope-francis-taught\/","title":{"rendered":"El Papa Francisco ense\u00f1\u00f3 con palabras y obras: \u00bfHemos escuchado y aprendido?"},"content":{"rendered":"<div class=\"wpb-content-wrapper\"><section class=\"l-section wpb_row height_medium\"><div class=\"l-section-h i-cf\"><div class=\"g-cols vc_row type_default valign_top\"><div class=\"vc_col-sm-12 wpb_column vc_column_container\"><div class=\"vc_column-inner\"><div class=\"wpb_wrapper\"><div class=\"w-image align_none\"><div class=\"w-image-h\"><img loading=\"lazy\" decoding=\"async\" width=\"1024\" height=\"409\" src=\"https:\/\/www.franciscansusa.org\/wp-content\/uploads\/2025\/06\/pope-francis-taught-header-1024x409.jpg\" class=\"attachment-large size-large\" alt=\"\" srcset=\"https:\/\/www.franciscansusa.org\/wp-content\/uploads\/2025\/06\/pope-francis-taught-header-1024x409.jpg 1024w, https:\/\/www.franciscansusa.org\/wp-content\/uploads\/2025\/06\/pope-francis-taught-header-300x120.jpg 300w, https:\/\/www.franciscansusa.org\/wp-content\/uploads\/2025\/06\/pope-francis-taught-header-18x7.jpg 18w, https:\/\/www.franciscansusa.org\/wp-content\/uploads\/2025\/06\/pope-francis-taught-header-150x60.jpg 150w, https:\/\/www.franciscansusa.org\/wp-content\/uploads\/2025\/06\/pope-francis-taught-header-600x240.jpg 600w, https:\/\/www.franciscansusa.org\/wp-content\/uploads\/2025\/06\/pope-francis-taught-header.jpg 1400w\" sizes=\"auto, (max-width: 1024px) 100vw, 1024px\" \/><\/div><\/div><div class=\"w-separator size_small\"><\/div><div class=\"wpb_text_column us_custom_03f3d98b has_text_color\" ><div class=\"wpb_wrapper\"><p>En la par\u00e1bola evang\u00e9lica del sembrador y la semilla (Mt. 13,18-25), la recepci\u00f3n de la Palabra se encuentra con la falta de recepci\u00f3n y la sobreabundancia de la misma. El propio Papa era muy consciente de esta experiencia evang\u00e9lica.<em>Evangelii gaudium<\/em>, #s 276-278). Fue el mundo en el que creci\u00f3. Aqu\u00ed en Estados Unidos, su palabra y ejemplo encontraron numerosas y diversas respuestas. Sembrados en un ambiente c\u00edvico polarizado y en un panorama eclesial de liderazgo pastoral diverso, la palabra y el ejemplo evang\u00e9licos del Papa pod\u00edan f\u00e1cilmente ignorarse debido a la indiferencia cultural, pol\u00edtica, econ\u00f3mica y eclesial. Su ense\u00f1anza fue recibida a veces con un entusiasmo pasajero que luego ced\u00eda ante la incertidumbre de una confusi\u00f3n populista deliberadamente orquestada. Su mensaje evang\u00e9lico o bien se vio ahogado en una mara\u00f1a de presuposiciones ideol\u00f3gicas o, a\u00fan m\u00e1s importante, tambi\u00e9n se nutri\u00f3 de la buena tierra de miles de personas de buena voluntad.<\/p>\n<p><img loading=\"lazy\" decoding=\"async\" class=\"wp-image-22112 alignright\" src=\"https:\/\/www.franciscansusa.org\/wp-content\/uploads\/2025\/06\/Screenshot-2025-06-19-at-8.29.35\u202fAM.png\" alt=\"\" width=\"309\" height=\"309\" srcset=\"https:\/\/www.franciscansusa.org\/wp-content\/uploads\/2025\/06\/Screenshot-2025-06-19-at-8.29.35\u202fAM.png 240w, https:\/\/www.franciscansusa.org\/wp-content\/uploads\/2025\/06\/Screenshot-2025-06-19-at-8.29.35\u202fAM-150x150.png 150w, https:\/\/www.franciscansusa.org\/wp-content\/uploads\/2025\/06\/Screenshot-2025-06-19-at-8.29.35\u202fAM-12x12.png 12w, https:\/\/www.franciscansusa.org\/wp-content\/uploads\/2025\/06\/Screenshot-2025-06-19-at-8.29.35\u202fAM-25x25.png 25w\" sizes=\"auto, (max-width: 309px) 100vw, 309px\" \/>Este tipo de recepciones y rechazos de la visi\u00f3n evang\u00e9lica del papa Francisco proliferaron a trav\u00e9s de redes c\u00edvicas y eclesiales, reajustes institucionales y grupos de defensa de un espectro que abarcaba desde la extrema derecha hasta la extrema izquierda. Algunas iniciativas fueron s\u00f3lidas, otras contaron con menos recursos y fueron m\u00e1s fr\u00e1giles. Las cr\u00edticas econ\u00f3micas mordaces y liberadoras, dise\u00f1adas para ayudar a los pobres, fueron refutadas ya sea por la afirmaci\u00f3n institucionalizada del capitalismo de mercado neoliberal o por el silencio del pueblo estadounidense en puestos de liderazgo eclesial.<\/p>\n<p>Su llamado evang\u00e9lico a ser \u00abhermanos y hermanas de todos\u00bb fue practicado por algunos, pero entr\u00f3 en conflicto con un compromiso orquestado con el nacionalismo cristiano. La elocuente voz del Papa, entregada al \u00abgrito de la naturaleza\u00bb en <em>Laudato Si&#039;<\/em> El mensaje lleg\u00f3 a o\u00eddos receptivos, pero la mayor\u00eda hizo o\u00eddos sordos a la ciencia y a la responsabilidad global. Gran parte de esto culmin\u00f3 en un intenso intercambio entre un vicepresidente que expresaba su fe en una teolog\u00eda politizada y un hombre bien versado en el significado evang\u00e9lico de la... <em>Ordo Amoris<\/em> [orden del amor]. Es demasiado pronto para que la tensi\u00f3n desaparezca.<\/p>\n<p>En medio de todo, incluso al ser rechazada, recibida temporalmente o ahogada, alguna semilla \u00abcay\u00f3 en buena tierra y dio fruto al ciento, al sesenta o al treinta por uno\u00bb. Quiz\u00e1s las semillas de diversas iniciativas, en la visi\u00f3n del papa Francisco, reflejen un cuerpo eclesial que est\u00e1 cobrando vida. Ha comenzado un redescubrimiento comunitario de la identidad evang\u00e9lica dentro de la Iglesia. Su punto de partida: \u00a1escuchar!<\/p>\n<p>El grano inicial que se est\u00e1 produciendo ahora mismo es el discernimiento colectivo de un camino a seguir. La paz se descubrir\u00e1 cuando se descubra el centro de la visi\u00f3n del Papa Francisco. Esto no estar\u00e1 en la ideolog\u00eda, sino en la conversi\u00f3n; no en abstracciones, sino en la realidad de las personas; no en la defensa estridente, sino en la caridad; no en la pol\u00edtica y la econom\u00eda, sino en el misterio pascual evang\u00e9lico de Jesucristo. Ya podemos ver cierto crecimiento de las semillas sembradas, expresadas en la sinodalidad, por ejemplo, en la S\u00edntesis Nacional del Pueblo de Dios en los Estados Unidos de Am\u00e9rica para la Fase Diocesana del S\u00ednodo 2021-2023. \u00abEl tiempo es mayor que el espacio\u00bb, se\u00f1ala el Papa en <em>Evangelii gaudium<\/em> (#s 223-225). Las semillas tardan en crecer. Algunas tardan m\u00e1s que otras. La Iglesia en Estados Unidos, gracias al Papa Francisco, est\u00e1 comenzando su camino para convertirse en una <em>comunidad en camino<\/em> [comunidad en camino].<\/p>\n<\/div><\/div><\/div><\/div><\/div><\/div><\/div><\/section>\n<\/div>","protected":false},"excerpt":{"rendered":"En la par\u00e1bola evang\u00e9lica del sembrador y la semilla (Mt. 13:18-25), la recepci\u00f3n de la Palabra se encuentra con la falta de recepci\u00f3n y la sobreabundancia de la misma. El propio Papa era muy consciente de esta experiencia evang\u00e9lica (Evangelii Gaudium, #s 276-278). Fue el mundo en el que creci\u00f3. Aqu\u00ed en Estados Unidos, su palabra y su ejemplo...","protected":false},"author":1,"featured_media":22104,"comment_status":"open","ping_status":"closed","sticky":false,"template":"","format":"standard","meta":{"om_disable_all_campaigns":false,"_monsterinsights_skip_tracking":false,"_monsterinsights_sitenote_active":false,"_monsterinsights_sitenote_note":"","_monsterinsights_sitenote_category":0,"_uf_show_specific_survey":0,"_uf_disable_surveys":false,"footnotes":""},"categories":[133],"tags":[],"class_list":["post-22111","post","type-post","status-publish","format-standard","has-post-thumbnail","hentry","category-2025-special-edition-newsletter-franciscus"],"aioseo_notices":[],"publishpress_future_action":{"enabled":false,"date":"2026-05-06 04:36:30","action":"change-status","newStatus":"draft","terms":[],"taxonomy":"category","extraData":[]},"publishpress_future_workflow_manual_trigger":{"enabledWorkflows":[]},"_links":{"self":[{"href":"https:\/\/www.franciscansusa.org\/es\/wp-json\/wp\/v2\/posts\/22111","targetHints":{"allow":["GET"]}}],"collection":[{"href":"https:\/\/www.franciscansusa.org\/es\/wp-json\/wp\/v2\/posts"}],"about":[{"href":"https:\/\/www.franciscansusa.org\/es\/wp-json\/wp\/v2\/types\/post"}],"author":[{"embeddable":true,"href":"https:\/\/www.franciscansusa.org\/es\/wp-json\/wp\/v2\/users\/1"}],"replies":[{"embeddable":true,"href":"https:\/\/www.franciscansusa.org\/es\/wp-json\/wp\/v2\/comments?post=22111"}],"version-history":[{"count":4,"href":"https:\/\/www.franciscansusa.org\/es\/wp-json\/wp\/v2\/posts\/22111\/revisions"}],"predecessor-version":[{"id":22153,"href":"https:\/\/www.franciscansusa.org\/es\/wp-json\/wp\/v2\/posts\/22111\/revisions\/22153"}],"wp:featuredmedia":[{"embeddable":true,"href":"https:\/\/www.franciscansusa.org\/es\/wp-json\/wp\/v2\/media\/22104"}],"wp:attachment":[{"href":"https:\/\/www.franciscansusa.org\/es\/wp-json\/wp\/v2\/media?parent=22111"}],"wp:term":[{"taxonomy":"category","embeddable":true,"href":"https:\/\/www.franciscansusa.org\/es\/wp-json\/wp\/v2\/categories?post=22111"},{"taxonomy":"post_tag","embeddable":true,"href":"https:\/\/www.franciscansusa.org\/es\/wp-json\/wp\/v2\/tags?post=22111"}],"curies":[{"name":"gracias","href":"https:\/\/api.w.org\/{rel}","templated":true}]}}