{"id":22127,"date":"2025-06-19T08:57:31","date_gmt":"2025-06-19T12:57:31","guid":{"rendered":"https:\/\/www.franciscansusa.org\/?p=22127"},"modified":"2025-06-19T08:58:21","modified_gmt":"2025-06-19T12:58:21","slug":"memories-of-pope-francis","status":"publish","type":"post","link":"https:\/\/www.franciscansusa.org\/es\/memories-of-pope-francis\/","title":{"rendered":"Recuerdos del Papa Francisco"},"content":{"rendered":"<div class=\"wpb-content-wrapper\"><section class=\"l-section wpb_row height_medium\"><div class=\"l-section-h i-cf\"><div class=\"g-cols vc_row type_default valign_top\"><div class=\"vc_col-sm-12 wpb_column vc_column_container\"><div class=\"vc_column-inner\"><div class=\"wpb_wrapper\"><div class=\"w-image align_center\"><div class=\"w-image-h\"><img loading=\"lazy\" decoding=\"async\" width=\"1024\" height=\"325\" src=\"https:\/\/www.franciscansusa.org\/wp-content\/uploads\/2025\/06\/minister-general-pope-francis-header-1024x325.jpg\" class=\"attachment-large size-large\" alt=\"\" srcset=\"https:\/\/www.franciscansusa.org\/wp-content\/uploads\/2025\/06\/minister-general-pope-francis-header-1024x325.jpg 1024w, https:\/\/www.franciscansusa.org\/wp-content\/uploads\/2025\/06\/minister-general-pope-francis-header-300x95.jpg 300w, https:\/\/www.franciscansusa.org\/wp-content\/uploads\/2025\/06\/minister-general-pope-francis-header-18x6.jpg 18w, https:\/\/www.franciscansusa.org\/wp-content\/uploads\/2025\/06\/minister-general-pope-francis-header-150x48.jpg 150w, https:\/\/www.franciscansusa.org\/wp-content\/uploads\/2025\/06\/minister-general-pope-francis-header-600x190.jpg 600w, https:\/\/www.franciscansusa.org\/wp-content\/uploads\/2025\/06\/minister-general-pope-francis-header.jpg 1400w\" sizes=\"auto, (max-width: 1024px) 100vw, 1024px\" \/><\/div><\/div><div class=\"w-separator size_small\"><\/div><div class=\"wpb_text_column us_custom_03f3d98b has_text_color\" ><div class=\"wpb_wrapper\"><h2>Recuerdos del Papa Francisco<\/h2>\n<p><strong>Por fray Carlos A. Trovarelli, OFM Conv., Ministro General de los Frailes Franciscanos Conventuales<\/strong><\/p>\n<p><strong>Hablando desde lo m\u00e1s profundo de mi coraz\u00f3n, deseo honrar al Cardenal Jorge Mario Bergoglio, quien se convirti\u00f3 en el Papa Francisco por medio de un c\u00f3nclave y el Esp\u00edritu Santo.<\/strong><\/p>\n<p>Conoc\u00ed a Monse\u00f1or Bergoglio en Buenos Aires entre 1996 y 1997. Era el obispo auxiliar a cargo del decanato donde se encuentran nuestro convento y la Curia Provincial. Regres\u00e9 al mismo convento de 2007 a 2015, esta vez como Ministro Provincial. Para entonces, Monse\u00f1or Bergoglio ya hab\u00eda sido nombrado arzobispo y cardenal. Luego vino su sorpresiva elecci\u00f3n como Obispo de Roma en 2013 y, a\u00fan m\u00e1s sorprendente, adopt\u00f3 el nombre de \u00abFrancisco\u00bb. Unas semanas despu\u00e9s de su elecci\u00f3n, fui a Roma, como parte de mi deber como Presidente de la <em>Federaci\u00f3n Am\u00e9rica Latina Conventuales<\/em> (FALC).<\/p>\n<p>Ten\u00eda muchas ganas de saludarlo. Mientras se dirig\u00eda a la silla, me vio y me hizo un gesto con el pulgar. Luego, cuando lleg\u00f3 el momento tan esperado de saludarnos (que en realidad fue un abrazo), \u00a1me llam\u00f3 por mi nombre!<\/p>\n<p>Presenci\u00e9 una transformaci\u00f3n en \u00e9l. Cuando era arzobispo de Buenos Aires, no siempre fue popular; parec\u00eda austero y reservado. Era un pastor de su reba\u00f1o, no un &quot;polic\u00eda de las masas&quot;. Nunca rechaz\u00f3 una solicitud de reuni\u00f3n.<\/p>\n<p>En 2010, acept\u00f3 mi invitaci\u00f3n para presidir una misa durante la Asamblea General de nuestra Orden, celebrada en Pilar, Argentina. Lleg\u00f3 y presidi\u00f3 con discreci\u00f3n. No almorz\u00f3 con nosotros, sino que comi\u00f3 en la cocina con los cocineros.<\/p>\n<p>Not\u00e9 la transformaci\u00f3n que se produjo tras su elecci\u00f3n como Papa, una transformaci\u00f3n en su estilo comunicativo y pastoral. El Papa Francisco ya no era solo alguien que respond\u00eda amablemente o abr\u00eda la puerta; ven\u00eda a tu encuentro; no solo como un pastor dedicado al reba\u00f1o, sino como alguien que te ve\u00eda y te reconoc\u00eda desde lejos.<\/p>\n<p>Tras mi elecci\u00f3n como Ministro General en 2018, nuestro Cap\u00edtulo General tuvo una audiencia con el Papa. Al entrar en la Sala Clementina, el Papa Francisco se dirigi\u00f3 a la sede, se acerc\u00f3 a m\u00ed y me abraz\u00f3. Su pontificado ha sido coherente con los principios y valores evang\u00e9licos que siempre lo definieron. Creo que interioriz\u00f3 profundamente el significado de la Misericordia, hasta el punto de que sus gestos se volvieron no solo paternales, sino tambi\u00e9n maternales y fraternos. Habl\u00f3 a trav\u00e9s de signos y decisiones con una capacidad \u00fanica para orientar y anticipar el futuro. No solo quiso ser coherente con sus opciones de vida y su anuncio evang\u00e9lico, sino que quiso proponerlos a la Iglesia y al mundo. Se convirti\u00f3 en un s\u00edmbolo de su propia visi\u00f3n del mundo y de la fe.<\/p>\n<p>Nunca olvidar\u00e9 las veces que pude reunirme con \u00e9l: sus llamadas telef\u00f3nicas para responderme, sus mensajes escritos a mano, su disposici\u00f3n a verme y escucharme, y el cuidado que tuvo al abordar todo lo que fuera posible para \u00e9l.<\/p>\n<p>\u00c9l era como un padre, una madre y un hermano para m\u00ed.<\/p>\n<\/div><\/div><\/div><\/div><\/div><\/div><\/div><\/section>\n<\/div>","protected":false},"excerpt":{"rendered":"Recuerdos del Papa Francisco. Por fray Carlos A. Trovarelli, OFM Conv., Ministro General de los Frailes Franciscanos Conventuales. Con el coraz\u00f3n en la mano, deseo honrar al Cardenal Jorge Mario Bergoglio, quien se convirti\u00f3 en el Papa Francisco mediante un c\u00f3nclave y el Esp\u00edritu Santo. Conoc\u00ed al Obispo Bergoglio en Buenos Aires entre 1996...","protected":false},"author":1,"featured_media":22129,"comment_status":"open","ping_status":"closed","sticky":false,"template":"","format":"standard","meta":{"om_disable_all_campaigns":false,"_monsterinsights_skip_tracking":false,"_monsterinsights_sitenote_active":false,"_monsterinsights_sitenote_note":"","_monsterinsights_sitenote_category":0,"_uf_show_specific_survey":0,"_uf_disable_surveys":false,"footnotes":""},"categories":[133],"tags":[],"class_list":["post-22127","post","type-post","status-publish","format-standard","has-post-thumbnail","hentry","category-2025-special-edition-newsletter-franciscus"],"aioseo_notices":[],"publishpress_future_action":{"enabled":false,"date":"2026-05-06 07:14:11","action":"change-status","newStatus":"draft","terms":[],"taxonomy":"category","extraData":[]},"publishpress_future_workflow_manual_trigger":{"enabledWorkflows":[]},"_links":{"self":[{"href":"https:\/\/www.franciscansusa.org\/es\/wp-json\/wp\/v2\/posts\/22127","targetHints":{"allow":["GET"]}}],"collection":[{"href":"https:\/\/www.franciscansusa.org\/es\/wp-json\/wp\/v2\/posts"}],"about":[{"href":"https:\/\/www.franciscansusa.org\/es\/wp-json\/wp\/v2\/types\/post"}],"author":[{"embeddable":true,"href":"https:\/\/www.franciscansusa.org\/es\/wp-json\/wp\/v2\/users\/1"}],"replies":[{"embeddable":true,"href":"https:\/\/www.franciscansusa.org\/es\/wp-json\/wp\/v2\/comments?post=22127"}],"version-history":[{"count":2,"href":"https:\/\/www.franciscansusa.org\/es\/wp-json\/wp\/v2\/posts\/22127\/revisions"}],"predecessor-version":[{"id":22131,"href":"https:\/\/www.franciscansusa.org\/es\/wp-json\/wp\/v2\/posts\/22127\/revisions\/22131"}],"wp:featuredmedia":[{"embeddable":true,"href":"https:\/\/www.franciscansusa.org\/es\/wp-json\/wp\/v2\/media\/22129"}],"wp:attachment":[{"href":"https:\/\/www.franciscansusa.org\/es\/wp-json\/wp\/v2\/media?parent=22127"}],"wp:term":[{"taxonomy":"category","embeddable":true,"href":"https:\/\/www.franciscansusa.org\/es\/wp-json\/wp\/v2\/categories?post=22127"},{"taxonomy":"post_tag","embeddable":true,"href":"https:\/\/www.franciscansusa.org\/es\/wp-json\/wp\/v2\/tags?post=22127"}],"curies":[{"name":"gracias","href":"https:\/\/api.w.org\/{rel}","templated":true}]}}