{"id":22146,"date":"2025-06-19T09:53:56","date_gmt":"2025-06-19T13:53:56","guid":{"rendered":"https:\/\/www.franciscansusa.org\/?p=22146"},"modified":"2025-06-19T09:54:49","modified_gmt":"2025-06-19T13:54:49","slug":"a-missionary-pope-for-a-missionary-church","status":"publish","type":"post","link":"https:\/\/www.franciscansusa.org\/es\/a-missionary-pope-for-a-missionary-church\/","title":{"rendered":"Un Papa misionero para una Iglesia misionera"},"content":{"rendered":"<div class=\"wpb-content-wrapper\"><section class=\"l-section wpb_row height_medium\"><div class=\"l-section-h i-cf\"><div class=\"g-cols vc_row type_default valign_top\"><div class=\"vc_col-sm-12 wpb_column vc_column_container\"><div class=\"vc_column-inner\"><div class=\"wpb_wrapper\"><div class=\"wpb_text_column us_custom_03f3d98b has_text_color\" ><div class=\"wpb_wrapper\"><h2>Un Papa misionero para una Iglesia misionera<\/h2>\n<p><strong>Primer mensaje del Papa Le\u00f3n XIV<\/strong><\/p>\n<p>\u00a1La paz sea con todos vosotros!<\/p>\n<div id=\"attachment_22147\" style=\"width: 375px\" class=\"wp-caption alignright\"><img loading=\"lazy\" decoding=\"async\" aria-describedby=\"caption-attachment-22147\" class=\"wp-image-22147\" src=\"https:\/\/www.franciscansusa.org\/wp-content\/uploads\/2025\/06\/Screenshot-2025-06-19-at-9.52.48\u202fAM.png\" alt=\"\" width=\"365\" height=\"725\" srcset=\"https:\/\/www.franciscansusa.org\/wp-content\/uploads\/2025\/06\/Screenshot-2025-06-19-at-9.52.48\u202fAM.png 498w, https:\/\/www.franciscansusa.org\/wp-content\/uploads\/2025\/06\/Screenshot-2025-06-19-at-9.52.48\u202fAM-151x300.png 151w, https:\/\/www.franciscansusa.org\/wp-content\/uploads\/2025\/06\/Screenshot-2025-06-19-at-9.52.48\u202fAM-6x12.png 6w, https:\/\/www.franciscansusa.org\/wp-content\/uploads\/2025\/06\/Screenshot-2025-06-19-at-9.52.48\u202fAM-76x150.png 76w, https:\/\/www.franciscansusa.org\/wp-content\/uploads\/2025\/06\/Screenshot-2025-06-19-at-9.52.48\u202fAM-201x400.png 201w, https:\/\/www.franciscansusa.org\/wp-content\/uploads\/2025\/06\/Screenshot-2025-06-19-at-9.52.48\u202fAM-302x600.png 302w\" sizes=\"auto, (max-width: 365px) 100vw, 365px\" \/><p id=\"caption-attachment-22147\" class=\"wp-caption-text\">Arriba: El entonces obispo Robert Prevost viaja a caballo para alcanzar a los fieles en la zona rural de Per\u00fa. Centro: Cruzando las aguas de las inundaciones de 2017 en Chiclayo, Per\u00fa, sirviendo en medio de la crisis. Abajo: El retrato oficial del Papa Le\u00f3n XIV en el Vaticano.<\/p><\/div>\n<p>Queridos hermanos y hermanas, estas son las primeras palabras de Cristo resucitado, el Buen Pastor que dio su vida por el reba\u00f1o de Dios. Quisiera que este saludo de paz resuene en sus corazones, en sus familias, entre todas las personas, dondequiera que est\u00e9n, en cada naci\u00f3n y en todo el mundo. \u00a1La paz sea con ustedes!<\/p>\n<p>Es la paz de Cristo resucitado. Una paz desarmada y desarmante, humilde y perseverante. Una paz que viene de Dios, el Dios que nos ama a todos, incondicionalmente.<\/p>\n<p>A\u00fan podemos escuchar la voz tenue pero siempre valiente del Papa Francisco al bendecir Roma, el Papa que bendijo Roma, que bendijo al mundo, al mundo entero, en la ma\u00f1ana de Pascua. Perm\u00edtanme extenderles esa misma bendici\u00f3n: \u00a1Dios nos ama, Dios los ama a todos, y el mal no prevalecer\u00e1! Todos estamos en las manos de Dios. As\u00ed que, avancemos sin miedo, juntos, de la mano de Dios y unos con otros. Somos seguidores de Cristo. Cristo nos precede. El mundo necesita su luz. La humanidad lo necesita como el puente que nos lleve a Dios y a su amor. Ay\u00fadennos, a todos, a construir puentes a trav\u00e9s del di\u00e1logo y el encuentro, uni\u00e9ndonos como un solo pueblo, siempre en paz. \u00a1Gracias, Papa Francisco!<\/p>\n<p>Doy tambi\u00e9n las gracias a mis hermanos cardenales, que me han elegido para ser Sucesor de Pedro y para caminar junto a vosotros como Iglesia, unida, buscando siempre la paz y la justicia, buscando siempre actuar como hombres y mujeres fieles a Jesucristo, para anunciar el Evangelio sin miedo, para ser misioneros.<\/p>\n<p>Soy agustino, hijo de san Agust\u00edn, quien dijo: \u00abCon vosotros soy cristiano y para vosotros soy obispo\u00bb. En este sentido, todos podemos caminar juntos hacia la patria que Dios nos ha preparado.<\/p>\n<p>\u00a1Un saludo especial a la Iglesia de Roma! Juntos, debemos buscar maneras de ser una Iglesia misionera, una Iglesia que tiende puentes y fomenta el di\u00e1logo, una Iglesia siempre abierta a acoger, como esta Plaza con sus brazos abiertos, a todos aquellos que necesitan nuestra caridad, nuestra presencia, nuestra disposici\u00f3n al di\u00e1logo y nuestro amor.<\/p>\n<\/div><\/div><\/div><\/div><\/div><\/div><\/div><\/section>\n<\/div>","protected":false},"excerpt":{"rendered":"Un Papa Misionero para una Iglesia Misionera. Primer mensaje del Papa Le\u00f3n XIV. \u00a1La paz sea con todos! Arriba: El entonces obispo Robert Prevost viaja a caballo para alcanzar a los fieles en la zona rural de Per\u00fa. Centro: Atravesando las inundaciones de 2017 en Chiclayo, Per\u00fa, sirviendo en medio de la crisis. Abajo: El retrato oficial del Papa Le\u00f3n XIV en el Vaticano. Queridos hermanos y hermanas,...","protected":false},"author":1,"featured_media":22149,"comment_status":"open","ping_status":"closed","sticky":false,"template":"","format":"standard","meta":{"om_disable_all_campaigns":false,"_monsterinsights_skip_tracking":false,"_monsterinsights_sitenote_active":false,"_monsterinsights_sitenote_note":"","_monsterinsights_sitenote_category":0,"_uf_show_specific_survey":0,"_uf_disable_surveys":false,"footnotes":""},"categories":[133],"tags":[],"class_list":["post-22146","post","type-post","status-publish","format-standard","has-post-thumbnail","hentry","category-2025-special-edition-newsletter-franciscus"],"aioseo_notices":[],"publishpress_future_action":{"enabled":false,"date":"2026-05-06 07:28:54","action":"change-status","newStatus":"draft","terms":[],"taxonomy":"category","extraData":[]},"publishpress_future_workflow_manual_trigger":{"enabledWorkflows":[]},"_links":{"self":[{"href":"https:\/\/www.franciscansusa.org\/es\/wp-json\/wp\/v2\/posts\/22146","targetHints":{"allow":["GET"]}}],"collection":[{"href":"https:\/\/www.franciscansusa.org\/es\/wp-json\/wp\/v2\/posts"}],"about":[{"href":"https:\/\/www.franciscansusa.org\/es\/wp-json\/wp\/v2\/types\/post"}],"author":[{"embeddable":true,"href":"https:\/\/www.franciscansusa.org\/es\/wp-json\/wp\/v2\/users\/1"}],"replies":[{"embeddable":true,"href":"https:\/\/www.franciscansusa.org\/es\/wp-json\/wp\/v2\/comments?post=22146"}],"version-history":[{"count":1,"href":"https:\/\/www.franciscansusa.org\/es\/wp-json\/wp\/v2\/posts\/22146\/revisions"}],"predecessor-version":[{"id":22148,"href":"https:\/\/www.franciscansusa.org\/es\/wp-json\/wp\/v2\/posts\/22146\/revisions\/22148"}],"wp:featuredmedia":[{"embeddable":true,"href":"https:\/\/www.franciscansusa.org\/es\/wp-json\/wp\/v2\/media\/22149"}],"wp:attachment":[{"href":"https:\/\/www.franciscansusa.org\/es\/wp-json\/wp\/v2\/media?parent=22146"}],"wp:term":[{"taxonomy":"category","embeddable":true,"href":"https:\/\/www.franciscansusa.org\/es\/wp-json\/wp\/v2\/categories?post=22146"},{"taxonomy":"post_tag","embeddable":true,"href":"https:\/\/www.franciscansusa.org\/es\/wp-json\/wp\/v2\/tags?post=22146"}],"curies":[{"name":"gracias","href":"https:\/\/api.w.org\/{rel}","templated":true}]}}