{"id":22762,"date":"2025-09-12T08:55:05","date_gmt":"2025-09-12T12:55:05","guid":{"rendered":"https:\/\/www.franciscansusa.org\/?p=22762"},"modified":"2025-09-12T08:57:44","modified_gmt":"2025-09-12T12:57:44","slug":"one-family-in-god-my-journey-with-the-friars","status":"publish","type":"post","link":"https:\/\/www.franciscansusa.org\/es\/one-family-in-god-my-journey-with-the-friars\/","title":{"rendered":"Una Familia en Dios \u2013 Mi viaje con los frailes"},"content":{"rendered":"<div class=\"wpb-content-wrapper\"><section class=\"l-section wpb_row height_medium\"><div class=\"l-section-h i-cf\"><div class=\"g-cols vc_row type_default valign_top\"><div class=\"vc_col-sm-12 wpb_column vc_column_container\"><div class=\"vc_column-inner\"><div class=\"wpb_wrapper\"><div class=\"w-image align_none\"><div class=\"w-image-h\"><img loading=\"lazy\" decoding=\"async\" width=\"1024\" height=\"394\" src=\"https:\/\/www.franciscansusa.org\/wp-content\/uploads\/2025\/09\/one-family-in-god-header-e1757681839825-1024x394.jpg\" class=\"attachment-large size-large\" alt=\"\" srcset=\"https:\/\/www.franciscansusa.org\/wp-content\/uploads\/2025\/09\/one-family-in-god-header-e1757681839825-1024x394.jpg 1024w, https:\/\/www.franciscansusa.org\/wp-content\/uploads\/2025\/09\/one-family-in-god-header-e1757681839825-300x115.jpg 300w, https:\/\/www.franciscansusa.org\/wp-content\/uploads\/2025\/09\/one-family-in-god-header-e1757681839825-18x7.jpg 18w, https:\/\/www.franciscansusa.org\/wp-content\/uploads\/2025\/09\/one-family-in-god-header-e1757681839825-150x58.jpg 150w, https:\/\/www.franciscansusa.org\/wp-content\/uploads\/2025\/09\/one-family-in-god-header-e1757681839825-600x231.jpg 600w, https:\/\/www.franciscansusa.org\/wp-content\/uploads\/2025\/09\/one-family-in-god-header-e1757681839825.jpg 1388w\" sizes=\"auto, (max-width: 1024px) 100vw, 1024px\" \/><\/div><\/div><div class=\"w-separator size_small\"><\/div><div class=\"wpb_text_column us_custom_03f3d98b has_text_color\" ><div class=\"wpb_wrapper\"><p>Mi primer encuentro con los frailes fue en 1995, un a\u00f1o despu\u00e9s del fallecimiento de mi esposo, Greg. Necesitaba un lugar para un retiro y reflexionar sobre el plan de Dios para el futuro. Con poca antelaci\u00f3n, a primera hora de la tarde, mi hermana, que tambi\u00e9n perdi\u00f3 a su esposo, y yo fuimos recibidas en el Centro por fray Angelo Catania. Desde entonces, he pasado retiros privados aqu\u00ed en el Monte. A lo largo de los a\u00f1os, este lugar no solo ha sido mi hogar espiritual, sino tambi\u00e9n mi hogar f\u00edsico. Siempre soy bienvenida aqu\u00ed.<\/p>\n<p>En 2020, me jubil\u00e9 de la medicina. Fue otra muerte, aunque peque\u00f1a. Fue la p\u00e9rdida de mi estilo de vida, que dur\u00f3 m\u00e1s de 40 a\u00f1os. Huelga decir que fue duro. El provincial de entonces, fray Wayne Hellmann, me ofreci\u00f3 un trabajo como consultor m\u00e9dico voluntario para los frailes (con su consentimiento).<\/p>\n<div id=\"attachment_22764\" style=\"width: 357px\" class=\"wp-caption alignright\"><img loading=\"lazy\" decoding=\"async\" aria-describedby=\"caption-attachment-22764\" class=\"wp-image-22764\" src=\"https:\/\/www.franciscansusa.org\/wp-content\/uploads\/2025\/09\/dr-cora-veza.jpg\" alt=\"\" width=\"347\" height=\"261\" srcset=\"https:\/\/www.franciscansusa.org\/wp-content\/uploads\/2025\/09\/dr-cora-veza.jpg 800w, https:\/\/www.franciscansusa.org\/wp-content\/uploads\/2025\/09\/dr-cora-veza-300x225.jpg 300w, https:\/\/www.franciscansusa.org\/wp-content\/uploads\/2025\/09\/dr-cora-veza-16x12.jpg 16w, https:\/\/www.franciscansusa.org\/wp-content\/uploads\/2025\/09\/dr-cora-veza-150x113.jpg 150w, https:\/\/www.franciscansusa.org\/wp-content\/uploads\/2025\/09\/dr-cora-veza-533x400.jpg 533w, https:\/\/www.franciscansusa.org\/wp-content\/uploads\/2025\/09\/dr-cora-veza-600x450.jpg 600w\" sizes=\"auto, (max-width: 347px) 100vw, 347px\" \/><p id=\"caption-attachment-22764\" class=\"wp-caption-text\">La Dra. Cora Veza es recibida como miembro honorario de la Provincia por fray Martin Day, OFM Conv., Ministro Provincial, durante un Rito de Inducci\u00f3n especial que reconoce su continuo apoyo y compromiso con la misi\u00f3n franciscana.<\/p><\/div>\n<p>Atender a los frailes es una experiencia enriquecedora. Aprend\u00ed a aceptar a la Hermana Muerte, como la llamaba San Francisco, con gracia, serenidad y plena confianza en la misericordia de Dios.<br \/>\nAprend\u00ed la humildad en la obediencia de los frailes a su Provincial, a pesar de sus [ocasionales] recelos.<\/p>\n<p>Viven como una comunidad de hombres con diferentes personalidades. A veces es dif\u00edcil tratar con los enfermos, y los frailes enfermos no son la excepci\u00f3n. Sin embargo, los frailes son siempre amables y pacientes.<\/p>\n<p>Hay pobreza en la riqueza, pero abundancia en la alegr\u00eda. Son mendigos alegres. No los oigo hablar de sus necesidades.<\/p>\n<p>Han sido mis compa\u00f1eros de viaje. Durante estos viajes me presentaron a santos desconocidos para m\u00ed.<\/p>\n<p>Me maravill\u00e9 ante la belleza de la creaci\u00f3n de Dios en las monta\u00f1as de Baviera, en los atardeceres de Santa Fe y en las dunas de White Sands de Nuevo M\u00e9xico. Me hace reflexionar sobre... <em>\u00a1Laudato Si!<\/em>, el cuidado de la Tierra Com\u00fan, una enc\u00edclica del Papa Francisco.<\/p>\n<p>Tuve un atisbo de la injusticia social que azota a nuestro mundo actual. El Centro de Retiros de la Santa Cruz en Mesilla Park, Nuevo M\u00e9xico, es un santuario para familias desplazadas. He visitado y hablado con j\u00f3venes sin hogar en Posada Guadalupe en San Antonio, Texas. Estos lugares son administrados por los frailes franciscanos. <em>Fratelli Tutti<\/em>, otra enc\u00edclica del Papa Francisco, proclama que todos somos hermanos y hermanas, una sola familia en Dios.<\/p>\n<p>Quiz\u00e1s ser miembro honorario de la Provincia Franciscana de Nuestra Se\u00f1ora de la Consolaci\u00f3n sea el cumplimiento de mi promesa a Dios de ni\u00f1a: me har\u00eda religiosa si sanaba a mi madre, con un extra: sin votos de pobreza, obediencia ni castidad. Como dec\u00eda San Francisco: \u00abDando recibimos\u00bb. He recibido m\u00e1s de lo que he dado, y lo que me han dado es invaluable.<\/p>\n<p><em>Estas son las palabras que la Dra. Veza comparti\u00f3 el d\u00eda en que fue nombrada Miembro Honorario de nuestra Provincia. En la c\u00e1lida bienvenida, el camino compartido de fe y el inquebrantable reconocimiento de la dignidad humana, las experiencias de la Dra. Veza reflejan el esp\u00edritu de Nostra Aetate. En \u00abnuestro tiempo\u00bb, como define este documento, el Evangelio nos llama a encontrarnos con el otro con respeto, compasi\u00f3n y fraternidad. Para la Dra. Veza, esos encuentros con los frailes no solo han sido momentos de gracia, sino un recordatorio para toda la vida de que, en la familia de Dios, nadie es extra\u00f1o.<\/em><\/p>\n<\/div><\/div><\/div><\/div><\/div><\/div><\/div><\/section>\n<\/div>","protected":false},"excerpt":{"rendered":"Mi primer encuentro con los frailes fue en 1995, un a\u00f1o despu\u00e9s de la muerte de mi esposo, Greg. Necesitaba un lugar para un retiro y reflexionar sobre el plan de Dios para el futuro. Con poca antelaci\u00f3n, a primera hora de la tarde, mi hermana, que tambi\u00e9n perdi\u00f3 a su esposo, y yo fuimos recibidas en el Centro por el fraile...","protected":false},"author":1,"featured_media":22765,"comment_status":"open","ping_status":"closed","sticky":false,"template":"","format":"standard","meta":{"om_disable_all_campaigns":false,"_monsterinsights_skip_tracking":false,"_monsterinsights_sitenote_active":false,"_monsterinsights_sitenote_note":"","_monsterinsights_sitenote_category":0,"_uf_show_specific_survey":0,"_uf_disable_surveys":false,"footnotes":""},"categories":[136],"tags":[],"class_list":["post-22762","post","type-post","status-publish","format-standard","has-post-thumbnail","hentry","category-2025-fall-newsletter-many-faiths-one-ministry"],"aioseo_notices":[],"publishpress_future_action":{"enabled":false,"date":"2026-05-04 06:51:48","action":"change-status","newStatus":"draft","terms":[],"taxonomy":"category","extraData":[]},"publishpress_future_workflow_manual_trigger":{"enabledWorkflows":[]},"_links":{"self":[{"href":"https:\/\/www.franciscansusa.org\/es\/wp-json\/wp\/v2\/posts\/22762","targetHints":{"allow":["GET"]}}],"collection":[{"href":"https:\/\/www.franciscansusa.org\/es\/wp-json\/wp\/v2\/posts"}],"about":[{"href":"https:\/\/www.franciscansusa.org\/es\/wp-json\/wp\/v2\/types\/post"}],"author":[{"embeddable":true,"href":"https:\/\/www.franciscansusa.org\/es\/wp-json\/wp\/v2\/users\/1"}],"replies":[{"embeddable":true,"href":"https:\/\/www.franciscansusa.org\/es\/wp-json\/wp\/v2\/comments?post=22762"}],"version-history":[{"count":1,"href":"https:\/\/www.franciscansusa.org\/es\/wp-json\/wp\/v2\/posts\/22762\/revisions"}],"predecessor-version":[{"id":22766,"href":"https:\/\/www.franciscansusa.org\/es\/wp-json\/wp\/v2\/posts\/22762\/revisions\/22766"}],"wp:featuredmedia":[{"embeddable":true,"href":"https:\/\/www.franciscansusa.org\/es\/wp-json\/wp\/v2\/media\/22765"}],"wp:attachment":[{"href":"https:\/\/www.franciscansusa.org\/es\/wp-json\/wp\/v2\/media?parent=22762"}],"wp:term":[{"taxonomy":"category","embeddable":true,"href":"https:\/\/www.franciscansusa.org\/es\/wp-json\/wp\/v2\/categories?post=22762"},{"taxonomy":"post_tag","embeddable":true,"href":"https:\/\/www.franciscansusa.org\/es\/wp-json\/wp\/v2\/tags?post=22762"}],"curies":[{"name":"gracias","href":"https:\/\/api.w.org\/{rel}","templated":true}]}}