{"id":5481,"date":"2016-02-03T17:45:28","date_gmt":"2016-02-03T17:45:28","guid":{"rendered":"http:\/\/www.franciscansusa.dev\/franciscansusa.org\/?p=5481"},"modified":"2016-02-03T17:45:28","modified_gmt":"2016-02-03T17:45:28","slug":"retreat-centers-celebrate","status":"publish","type":"post","link":"https:\/\/www.franciscansusa.org\/es\/retreat-centers-celebrate\/","title":{"rendered":"Los centros de retiro celebran"},"content":{"rendered":"<p>El Centro de Espiritualidad Mount St. Francis, en Mt. St. Francis, Indiana, y el Centro de Espiritualidad y Retiros Franciscanos, en Prior Lake, Minnesota, celebran hitos este a\u00f1o.<\/p>\n<div id=\"attachment_5482\" style=\"width: 310px\" class=\"wp-caption alignright\"><img loading=\"lazy\" decoding=\"async\" aria-describedby=\"caption-attachment-5482\" class=\"size-medium wp-image-5482\" src=\"http:\/\/www.franciscansusa.dev\/franciscansusa.org\/wp-content\/uploads\/2016\/02\/joan-fr-jim-and-john-deluney-2-small-300x199.jpg\" alt=\"Padre Jim Kent habla con dos amigos antes de la cena de espagueti en el Centro de Espiritualidad y Retiros Franciscanos.\" width=\"300\" height=\"199\" \/><p id=\"caption-attachment-5482\" class=\"wp-caption-text\">Padre Jim Kent habla con dos amigos antes de la cena de espagueti en el Centro de Espiritualidad y Retiros Franciscanos.<\/p><\/div>\n<p><em><strong>Nuestro Centro de Retiros en Prior Lake est\u00e1 celebrando su 50 Aniversario.<\/strong><\/em> El 17 de enero de 2016 se llev\u00f3 a cabo una Cena de Espaguetis, organizada por la Fraternidad Franciscana Seglar de Nuestra Se\u00f1ora de la Consolaci\u00f3n, a la que asistieron m\u00e1s de 100 amigos. Se planean muchos m\u00e1s eventos, incluida una serie de oradores vespertinos centrados en el Papa Francisco, una Misa sobre la Hierba, una presentaci\u00f3n sobre Laberintos, junto con la instalaci\u00f3n de un Laberinto de nueve circuitos y la Casa Abierta Anual de Navidad. Para todos los detalles, por favor visite <strong><a href=\"http:\/\/www.franciscanretreats.net\">www.retirosfranciscanos.net.<\/a><\/strong><img loading=\"lazy\" decoding=\"async\" class=\"alignleft wp-image-5484 size-medium\" src=\"http:\/\/www.franciscansusa.dev\/franciscansusa.org\/wp-content\/uploads\/2016\/02\/Franciscan-50-Year-Logo-Horiz-RGB-Large-300x78.jpg\" alt=\"Logotipo de los 50 a\u00f1os franciscanos Horiz CMYK\" width=\"300\" height=\"78\" \/><\/p>\n<p>&nbsp;<\/p>\n<p>&nbsp;<\/p>\n<p>&nbsp;<\/p>\n<p><em><strong>El Centro de Espiritualidad Mount St. Francis est\u00e1 iniciando la celebraci\u00f3n de los 40 a\u00f1os del Ministerio de Retiro con una celebraci\u00f3n el 20 de febrero.<\/strong><\/em> Este <strong>GRATIS<\/strong> el evento ser\u00e1 de 3 a 7 pm La tarde incluir\u00e1 una presentaci\u00f3n sobre la historia del Monte por fr. Bob Baxter, caminatas para excursionistas experimentados y novatos, manualidades para los ni\u00f1os, una expedici\u00f3n fotogr\u00e1fica, visitas a los archivos, misa y cena. Para obtener m\u00e1s informaci\u00f3n sobre este y otros eventos planificados para el a\u00f1o, visite <strong><a href=\"http:\/\/www.mountsaintfrancis.org\">www.mountsaintfrancis.org.<\/a><\/strong><img loading=\"lazy\" decoding=\"async\" class=\"aligncenter wp-image-5488 size-large\" src=\"http:\/\/www.franciscansusa.dev\/franciscansusa.org\/wp-content\/uploads\/2016\/02\/msf.invitationFeb20-1024x913.jpg\" alt=\"msf.invitationfeb20\" width=\"584\" height=\"521\" \/><\/p>\n<p>Esperamos que pueda visitar nuestros centros de retiro para uno de estos eventos especiales. No se olvide de nuestros otros dos centros: <strong><a href=\"http:\/\/www.holycrossretreat.org\">Centro de Retiros Santa Cruz<\/a><\/strong> en Mesilla Park, Nuevo M\u00e9xico, y <strong><a href=\"https:\/\/www.olcshrine.com\/retreat\">Casa de Retiro Carey<\/a><\/strong> en Carey, Ohio. Echa un vistazo a nuestro <strong><a href=\"http:\/\/www.franciscansusa.dev\/franciscansusa.org\/calendar\">p\u00e1gina del calendario<\/a><\/strong> para eventos y retiros programados durante todo el a\u00f1o en los cuatro lugares.<\/p>","protected":false},"excerpt":{"rendered":"<p>El Centro de Espiritualidad Mount St. Francis, en Mt. St. Francis, Indiana, y el Centro de Espiritualidad y Retiros Franciscanos, en Prior Lake, Minnesota, celebran hitos este a\u00f1o. Nuestro Centro de Retiros en Prior Lake est\u00e1 celebrando su 50 aniversario. El 17 de enero se celebr\u00f3 una Cena de Espagueti, organizada por la Fraternidad Franciscana Seglar Nuestra Se\u00f1ora de la Consolaci\u00f3n,\u2026<\/p>","protected":false},"author":1,"featured_media":0,"comment_status":"closed","ping_status":"closed","sticky":false,"template":"","format":"standard","meta":{"om_disable_all_campaigns":false,"_monsterinsights_skip_tracking":false,"_monsterinsights_sitenote_active":false,"_monsterinsights_sitenote_note":"","_monsterinsights_sitenote_category":0,"_uf_show_specific_survey":0,"_uf_disable_surveys":false,"footnotes":""},"categories":[55],"tags":[],"class_list":["post-5481","post","type-post","status-publish","format-standard","hentry","category-home-news"],"aioseo_notices":[],"publishpress_future_action":{"enabled":false,"date":"2026-05-05 07:22:55","action":"change-status","newStatus":"draft","terms":[],"taxonomy":"category","extraData":[]},"publishpress_future_workflow_manual_trigger":{"enabledWorkflows":[]},"_links":{"self":[{"href":"https:\/\/www.franciscansusa.org\/es\/wp-json\/wp\/v2\/posts\/5481","targetHints":{"allow":["GET"]}}],"collection":[{"href":"https:\/\/www.franciscansusa.org\/es\/wp-json\/wp\/v2\/posts"}],"about":[{"href":"https:\/\/www.franciscansusa.org\/es\/wp-json\/wp\/v2\/types\/post"}],"author":[{"embeddable":true,"href":"https:\/\/www.franciscansusa.org\/es\/wp-json\/wp\/v2\/users\/1"}],"replies":[{"embeddable":true,"href":"https:\/\/www.franciscansusa.org\/es\/wp-json\/wp\/v2\/comments?post=5481"}],"version-history":[{"count":0,"href":"https:\/\/www.franciscansusa.org\/es\/wp-json\/wp\/v2\/posts\/5481\/revisions"}],"wp:attachment":[{"href":"https:\/\/www.franciscansusa.org\/es\/wp-json\/wp\/v2\/media?parent=5481"}],"wp:term":[{"taxonomy":"category","embeddable":true,"href":"https:\/\/www.franciscansusa.org\/es\/wp-json\/wp\/v2\/categories?post=5481"},{"taxonomy":"post_tag","embeddable":true,"href":"https:\/\/www.franciscansusa.org\/es\/wp-json\/wp\/v2\/tags?post=5481"}],"curies":[{"name":"gracias","href":"https:\/\/api.w.org\/{rel}","templated":true}]}}