{"id":5966,"date":"2016-11-09T16:58:22","date_gmt":"2016-11-09T16:58:22","guid":{"rendered":"http:\/\/www.franciscansusa.dev\/franciscansusa.org\/?p=5966"},"modified":"2016-11-09T16:58:22","modified_gmt":"2016-11-09T16:58:22","slug":"celebrating-the-ordination-of-fr-mario-serrano-ofm-conv","status":"publish","type":"post","link":"https:\/\/www.franciscansusa.org\/es\/celebrating-the-ordination-of-fr-mario-serrano-ofm-conv\/","title":{"rendered":"Celebrando la ordenaci\u00f3n del P. Mario Serrano, OFM Conv."},"content":{"rendered":"<p>El s\u00e1bado 4 de noviembre de 2016, fr. Mario Serrano, OFM Conv. fue ordenado sacerdote por el Reverend\u00edsimo John Stowe, OFM Conv., Obispo de Lexington, Kentucky. La ordenaci\u00f3n tuvo lugar en la Iglesia Cat\u00f3lica Our Lady of Mount Carmel\/Ysleta Mission en El Paso, Texas. Muchos hermanos, familiares y amigos se unieron a la alegre celebraci\u00f3n. Durante los pr\u00f3ximos dos d\u00edas, el P. Mario celebr\u00f3 misas de acci\u00f3n de gracias en Dexter, Nuevo M\u00e9xico y en Ju\u00e1rez, M\u00e9xico.<\/p>\n<div id=\"attachment_5968\" style=\"width: 310px\" class=\"wp-caption alignright\"><img loading=\"lazy\" decoding=\"async\" aria-describedby=\"caption-attachment-5968\" class=\"size-medium wp-image-5968\" src=\"http:\/\/www.franciscansusa.dev\/franciscansusa.org\/wp-content\/uploads\/2016\/11\/IMG_0044-300x200.jpg\" alt=\"Padre Mario predica en su Misa de Acci\u00f3n de Gracias en Dexter, NM\" width=\"300\" height=\"200\" \/><p id=\"caption-attachment-5968\" class=\"wp-caption-text\">Padre Mario predica en su Misa de Acci\u00f3n de Gracias en Dexter, NM<\/p><\/div>\n<p>\u00danase a nosotros en oraci\u00f3n para alabanza y gloria de la Sant\u00edsima Trinidad. Que Dios siga bendiciendo al P. Mario en su servicio franciscano y ministerio sacramental. Y que Nuestra Se\u00f1ora<\/p>\n<div id=\"attachment_5969\" style=\"width: 250px\" class=\"wp-caption alignleft\"><img loading=\"lazy\" decoding=\"async\" aria-describedby=\"caption-attachment-5969\" class=\"size-medium wp-image-5969\" src=\"http:\/\/www.franciscansusa.dev\/franciscansusa.org\/wp-content\/uploads\/2016\/11\/indian-blessing-before-serrano-ord-240x300.jpg\" alt=\"Miembros de la comunidad de Tigua ofrecieron una bendici\u00f3n tradicional antes de la ordenaci\u00f3n.\" width=\"240\" height=\"300\" \/><p id=\"caption-attachment-5969\" class=\"wp-caption-text\">Miembros de la comunidad de Tigua ofrecieron una bendici\u00f3n tradicional antes de la ordenaci\u00f3n.<\/p><\/div>\n<p>de Guadalupe, Patrona de las Am\u00e9ricas, sigue intercediendo por todos nosotros.<\/p>\n<p style=\"text-align: center;\"><em>\u00a0 \u00a0 \u00a0 \u00a0Para ver m\u00e1s fotos, visite la p\u00e1gina de Facebook de la Provincia. (Fotos cortes\u00eda del Sr. Al Baeza, P. Miguel Brise\u00f1o, OFM Conv., y Fray Tony Martinez, OFM Conv.)<\/em><\/p>","protected":false},"excerpt":{"rendered":"<p>El s\u00e1bado 4 de noviembre de 2016, Fray Mario Serrano, OFM Conv. Fue ordenado sacerdote por el Reverend\u00edsimo John Stowe, OFM Conv., Obispo de Lexington, Kentucky. La ordenaci\u00f3n tuvo lugar en la Iglesia Cat\u00f3lica Nuestra Se\u00f1ora del Monte Carmelo\/Misi\u00f3n Ysleta en El Paso, Texas. Muchos frailes, familiares y amigos se unieron a la alegre celebraci\u00f3n. Sobre el\u2026<\/p>","protected":false},"author":1,"featured_media":5967,"comment_status":"closed","ping_status":"closed","sticky":false,"template":"","format":"standard","meta":{"om_disable_all_campaigns":false,"_monsterinsights_skip_tracking":false,"_monsterinsights_sitenote_active":false,"_monsterinsights_sitenote_note":"","_monsterinsights_sitenote_category":0,"_uf_show_specific_survey":0,"_uf_disable_surveys":false,"footnotes":""},"categories":[1],"tags":[],"class_list":["post-5966","post","type-post","status-publish","format-standard","has-post-thumbnail","hentry","category-uncategorized"],"aioseo_notices":[],"publishpress_future_action":{"enabled":false,"date":"2026-05-07 04:47:33","action":"change-status","newStatus":"draft","terms":[],"taxonomy":"category","extraData":[]},"publishpress_future_workflow_manual_trigger":{"enabledWorkflows":[]},"_links":{"self":[{"href":"https:\/\/www.franciscansusa.org\/es\/wp-json\/wp\/v2\/posts\/5966","targetHints":{"allow":["GET"]}}],"collection":[{"href":"https:\/\/www.franciscansusa.org\/es\/wp-json\/wp\/v2\/posts"}],"about":[{"href":"https:\/\/www.franciscansusa.org\/es\/wp-json\/wp\/v2\/types\/post"}],"author":[{"embeddable":true,"href":"https:\/\/www.franciscansusa.org\/es\/wp-json\/wp\/v2\/users\/1"}],"replies":[{"embeddable":true,"href":"https:\/\/www.franciscansusa.org\/es\/wp-json\/wp\/v2\/comments?post=5966"}],"version-history":[{"count":0,"href":"https:\/\/www.franciscansusa.org\/es\/wp-json\/wp\/v2\/posts\/5966\/revisions"}],"wp:featuredmedia":[{"embeddable":true,"href":"https:\/\/www.franciscansusa.org\/es\/wp-json\/"}],"wp:attachment":[{"href":"https:\/\/www.franciscansusa.org\/es\/wp-json\/wp\/v2\/media?parent=5966"}],"wp:term":[{"taxonomy":"category","embeddable":true,"href":"https:\/\/www.franciscansusa.org\/es\/wp-json\/wp\/v2\/categories?post=5966"},{"taxonomy":"post_tag","embeddable":true,"href":"https:\/\/www.franciscansusa.org\/es\/wp-json\/wp\/v2\/tags?post=5966"}],"curies":[{"name":"gracias","href":"https:\/\/api.w.org\/{rel}","templated":true}]}}