{"id":7041,"date":"2018-10-16T09:51:18","date_gmt":"2018-10-16T13:51:18","guid":{"rendered":"http:\/\/www.franciscansusa.dev\/franciscansusa.org\/?p=7041"},"modified":"2018-10-16T09:51:18","modified_gmt":"2018-10-16T13:51:18","slug":"bilingual-celebration-at-holy-cross-retreat-center","status":"publish","type":"post","link":"https:\/\/www.franciscansusa.org\/es\/bilingual-celebration-at-holy-cross-retreat-center\/","title":{"rendered":"Celebraci\u00f3n biling\u00fce en Holy Cross Retreat Center"},"content":{"rendered":"<p>El Centro de Retiros Holy Cross en conjunto con CAF\u00e9 (Comunidades de Acci\u00f3n y Fe) organiz\u00f3 un servicio de oraci\u00f3n para celebrar la canonizaci\u00f3n del Arzobispo Oscar Romero. El domingo 14 de octubre por la noche, 30 personas se reunieron en la Capilla para una celebraci\u00f3n biling\u00fce de su compromiso con los pobres y las v\u00edctimas de la injusticia.<\/p>\n<p>&nbsp;<\/p>\n<p><a ref=\"magnificPopup\" href=\"http:\/\/www.franciscansusa.dev\/franciscansusa.org\/wp-content\/uploads\/2018\/10\/Oscar-Romero-canonization-prayer-service-10-14-18.jpg\"><img loading=\"lazy\" decoding=\"async\" class=\"aligncenter wp-image-7042 size-fp-small\" src=\"http:\/\/www.franciscansusa.dev\/franciscansusa.org\/wp-content\/uploads\/2018\/10\/Oscar-Romero-canonization-prayer-service-10-14-18-640x480.jpg\" alt=\"\" width=\"640\" height=\"480\" \/><\/a><\/p>\n<p>&nbsp;<\/p>\n<p><strong>SER IGLESIA: alzar la voz con los pobres<\/strong><\/p>\n<p>\u201cUna Iglesia que no se une a los pobres, a fin de hablar desde el lado de los pobres, en contra de las injusticias que se cometen con ellos, no es la verdadera Iglesia de Jesucristo.\u201d \u2014Santo \u00d3scar Romero<\/p>\n<p>&nbsp;<\/p>\n<p><strong>Ser Iglesia: hablar con los pobres<\/strong><\/p>\n<p>\u201cUna Iglesia que no se une a los pobres para hablar desde el lado de los pobres contra las injusticias cometidas contra ellos no es la verdadera Iglesia de Jesucristo\u201d. \u2014San \u00d3scar Romero<\/p>","protected":false},"excerpt":{"rendered":"<p>El Centro de Retiros Holy Cross en conjunto con CAF\u00e9 (Comunidades de Acci\u00f3n y Fe) organizaron un servicio de oraci\u00f3n para celebrar la canonizaci\u00f3n del Arzobispo Oscar Romero. La tarde del domingo 14 de octubre, 30 personas se reunieron en la Capilla para una celebraci\u00f3n biling\u00fce de su compromiso con los pobres y las v\u00edctimas de la injusticia.   SER IGLESIA: alzar\u2026<\/p>","protected":false},"author":1,"featured_media":7043,"comment_status":"closed","ping_status":"closed","sticky":false,"template":"","format":"standard","meta":{"om_disable_all_campaigns":false,"_monsterinsights_skip_tracking":false,"_monsterinsights_sitenote_active":false,"_monsterinsights_sitenote_note":"","_monsterinsights_sitenote_category":0,"_uf_show_specific_survey":0,"_uf_disable_surveys":false,"footnotes":""},"categories":[1],"tags":[],"class_list":["post-7041","post","type-post","status-publish","format-standard","has-post-thumbnail","hentry","category-uncategorized"],"aioseo_notices":[],"publishpress_future_action":{"enabled":false,"date":"2026-05-07 03:05:39","action":"change-status","newStatus":"draft","terms":[],"taxonomy":"category","extraData":[]},"publishpress_future_workflow_manual_trigger":{"enabledWorkflows":[]},"_links":{"self":[{"href":"https:\/\/www.franciscansusa.org\/es\/wp-json\/wp\/v2\/posts\/7041","targetHints":{"allow":["GET"]}}],"collection":[{"href":"https:\/\/www.franciscansusa.org\/es\/wp-json\/wp\/v2\/posts"}],"about":[{"href":"https:\/\/www.franciscansusa.org\/es\/wp-json\/wp\/v2\/types\/post"}],"author":[{"embeddable":true,"href":"https:\/\/www.franciscansusa.org\/es\/wp-json\/wp\/v2\/users\/1"}],"replies":[{"embeddable":true,"href":"https:\/\/www.franciscansusa.org\/es\/wp-json\/wp\/v2\/comments?post=7041"}],"version-history":[{"count":0,"href":"https:\/\/www.franciscansusa.org\/es\/wp-json\/wp\/v2\/posts\/7041\/revisions"}],"wp:featuredmedia":[{"embeddable":true,"href":"https:\/\/www.franciscansusa.org\/es\/wp-json\/"}],"wp:attachment":[{"href":"https:\/\/www.franciscansusa.org\/es\/wp-json\/wp\/v2\/media?parent=7041"}],"wp:term":[{"taxonomy":"category","embeddable":true,"href":"https:\/\/www.franciscansusa.org\/es\/wp-json\/wp\/v2\/categories?post=7041"},{"taxonomy":"post_tag","embeddable":true,"href":"https:\/\/www.franciscansusa.org\/es\/wp-json\/wp\/v2\/tags?post=7041"}],"curies":[{"name":"gracias","href":"https:\/\/api.w.org\/{rel}","templated":true}]}}