{"id":7106,"date":"2018-11-14T13:17:18","date_gmt":"2018-11-14T17:17:18","guid":{"rendered":"http:\/\/www.franciscansusa.dev\/franciscansusa.org\/?p=7106"},"modified":"2021-04-27T13:33:32","modified_gmt":"2021-04-27T13:33:32","slug":"hero-of-hope","status":"publish","type":"post","link":"https:\/\/www.franciscansusa.org\/es\/hero-of-hope\/","title":{"rendered":"H\u00e9roe de la esperanza"},"content":{"rendered":"<div class=\"wpb-content-wrapper\"><section class=\"l-section wpb_row height_medium\"><div class=\"l-section-h i-cf\"><div class=\"g-cols vc_row type_default valign_top\"><div class=\"vc_col-sm-12 wpb_column vc_column_container\"><div class=\"vc_column-inner\"><div class=\"wpb_wrapper\"><div class=\"wpb_text_column\" ><div class=\"wpb_wrapper\"><h3>Felicitaciones al p. Conrad Sutter OFM Conv.!<\/h3>\n<p>En la tarde del 13 de noviembre, Fray Conrad Sutter fue honrado en la 8va Celebraci\u00f3n Anual de H\u00e9roes de la Esperanza. <em>\u201cCelebrando a nuestros l\u00edderes comunitarios\u201d.\u00a0<\/em>El padre Conrad fue reconocido por sus contribuciones a la comunidad afroamericana como l\u00edder c\u00edvico y religioso.<\/p>\n<p>Padre Conrad se sinti\u00f3 profundamente conmovido por el galard\u00f3n de una comunidad a la que ama y estima.<\/p>\n<\/div><\/div><div class=\"w-image align_none\"><div class=\"w-image-h\"><img loading=\"lazy\" decoding=\"async\" width=\"1024\" height=\"768\" src=\"https:\/\/www.franciscansusa.org\/wp-content\/uploads\/2018\/11\/file-7-1024x768.jpeg\" class=\"attachment-large size-large\" alt=\"\" srcset=\"https:\/\/www.franciscansusa.org\/wp-content\/uploads\/2018\/11\/file-7-1024x768.jpeg 1024w, https:\/\/www.franciscansusa.org\/wp-content\/uploads\/2018\/11\/file-7-16x12.jpeg 16w, https:\/\/www.franciscansusa.org\/wp-content\/uploads\/2018\/11\/file-7-150x113.jpeg 150w, https:\/\/www.franciscansusa.org\/wp-content\/uploads\/2018\/11\/file-7-533x400.jpeg 533w, https:\/\/www.franciscansusa.org\/wp-content\/uploads\/2018\/11\/file-7-600x450.jpeg 600w, https:\/\/www.franciscansusa.org\/wp-content\/uploads\/2018\/11\/file-7-300x225.jpeg 300w\" sizes=\"auto, (max-width: 1024px) 100vw, 1024px\" \/><\/div><\/div><\/div><\/div><\/div><\/div><\/div><\/section>\n<\/div>","protected":false},"excerpt":{"rendered":"Felicitaciones al P. Conrad Sutter OFM Conv.! En la noche del 13 de noviembre, Fray Conrad Sutter fue honrado en la octava celebraci\u00f3n anual de H\u00e9roes de la Esperanza \u201cCelebrando a nuestros l\u00edderes comunitarios\u201d. El padre Conrad fue reconocido por sus contribuciones a la comunidad afroamericana como l\u00edder c\u00edvico y religioso. P. Conrad qued\u00f3 profundamente conmovido por el elogio de...","protected":false},"author":1,"featured_media":7107,"comment_status":"closed","ping_status":"closed","sticky":false,"template":"","format":"standard","meta":{"om_disable_all_campaigns":false,"_monsterinsights_skip_tracking":false,"_monsterinsights_sitenote_active":false,"_monsterinsights_sitenote_note":"","_monsterinsights_sitenote_category":0,"_uf_show_specific_survey":0,"_uf_disable_surveys":false,"footnotes":""},"categories":[1],"tags":[],"class_list":["post-7106","post","type-post","status-publish","format-standard","has-post-thumbnail","hentry","category-uncategorized"],"aioseo_notices":[],"publishpress_future_action":{"enabled":false,"date":"2026-05-07 01:59:58","action":"change-status","newStatus":"draft","terms":[],"taxonomy":"category","extraData":[]},"publishpress_future_workflow_manual_trigger":{"enabledWorkflows":[]},"_links":{"self":[{"href":"https:\/\/www.franciscansusa.org\/es\/wp-json\/wp\/v2\/posts\/7106","targetHints":{"allow":["GET"]}}],"collection":[{"href":"https:\/\/www.franciscansusa.org\/es\/wp-json\/wp\/v2\/posts"}],"about":[{"href":"https:\/\/www.franciscansusa.org\/es\/wp-json\/wp\/v2\/types\/post"}],"author":[{"embeddable":true,"href":"https:\/\/www.franciscansusa.org\/es\/wp-json\/wp\/v2\/users\/1"}],"replies":[{"embeddable":true,"href":"https:\/\/www.franciscansusa.org\/es\/wp-json\/wp\/v2\/comments?post=7106"}],"version-history":[{"count":3,"href":"https:\/\/www.franciscansusa.org\/es\/wp-json\/wp\/v2\/posts\/7106\/revisions"}],"predecessor-version":[{"id":11865,"href":"https:\/\/www.franciscansusa.org\/es\/wp-json\/wp\/v2\/posts\/7106\/revisions\/11865"}],"wp:featuredmedia":[{"embeddable":true,"href":"https:\/\/www.franciscansusa.org\/es\/wp-json\/"}],"wp:attachment":[{"href":"https:\/\/www.franciscansusa.org\/es\/wp-json\/wp\/v2\/media?parent=7106"}],"wp:term":[{"taxonomy":"category","embeddable":true,"href":"https:\/\/www.franciscansusa.org\/es\/wp-json\/wp\/v2\/categories?post=7106"},{"taxonomy":"post_tag","embeddable":true,"href":"https:\/\/www.franciscansusa.org\/es\/wp-json\/wp\/v2\/tags?post=7106"}],"curies":[{"name":"gracias","href":"https:\/\/api.w.org\/{rel}","templated":true}]}}