{"id":9830,"date":"2020-11-04T10:53:31","date_gmt":"2020-11-04T14:53:31","guid":{"rendered":"http:\/\/www.franciscansusa.dev\/franciscansusa.org\/?p=9241"},"modified":"2020-11-04T10:53:31","modified_gmt":"2020-11-04T14:53:31","slug":"will-i-see-him","status":"publish","type":"post","link":"https:\/\/www.franciscansusa.org\/es\/will-i-see-him\/","title":{"rendered":"\u201c\u00bfLo ver\u00e9?\u201d"},"content":{"rendered":"<div class=\"wpb-content-wrapper\"><section class=\"l-section wpb_row height_medium\"><div class=\"l-section-h i-cf\"><div class=\"g-cols vc_row type_default valign_top\"><div class=\"vc_col-sm-12 wpb_column vc_column_container\"><div class=\"vc_column-inner\"><div class=\"wpb_wrapper\"><div class=\"wpb_text_column us_custom_e166de3a\" ><div class=\"wpb_wrapper\"><p>Por Fray Paul Schloemer OFM Conv.<br \/>\nDirector de vocaciones en Silver Springs, MD<\/p>\n<p>El Papa Francisco cita a San Antonio en su exhortaci\u00f3n a \u201c\u00a1ver al Se\u00f1or!\u201d Y ciertamente, reconocer a Cristo en el otro, especialmente en el extra\u00f1o, es una piedra angular de lo que significa ser cristiano. Pero hay una diferencia entre simplemente ver f\u00edsicamente a Cristo y ver a Cristo como lo hizo el joven can\u00f3nigo agustino Antonio. En el camino al Calvario, innumerables personas vieron a Jes\u00fas con sus ojos, pero solo unos pocos vieron verdaderamente a Jes\u00fas, caminaron con \u00c9l hasta la Cruz. El joven San Antonio vio a esos otros frailes j\u00f3venes dispuestos a entregarse para dar testimonio de la Cruz, y no s\u00f3lo les dese\u00f3 lo mejor, \u00a1sino que los sigui\u00f3!<\/p>\n<p>Creo que as\u00ed es como hoy tambi\u00e9n estamos llamados a ver a Cristo en este mundo desgarrado por la guerra, la pandemia, el desastre econ\u00f3mico y ecol\u00f3gico, y el racismo de larga data que a menudo resulta en ira y violencia. Como Pedro saliendo a la tormenta, los franciscanos estamos llamados a entrar en ese dolor. No solo vemos a Cristo en George Floyd y Breonna Taylor y todos los dem\u00e1s, los seguimos hasta la Cruz. Esto es dif\u00edcil y, a menudo, no termina donde pensamos que lo har\u00e1. Anthony se dirig\u00eda a Marruecos y termin\u00f3 en Sicilia. \u00a1Pero el punto es que vio a Cristo, se levant\u00f3 y lo sigui\u00f3!<\/p>\n<p>\u00bfY ahora que? A mi manera, peque\u00f1a e insignificante, he tratado de prestar mi voz a quienes claman por justicia en nuestro pa\u00eds. Asist\u00ed a un mont\u00f3n de marchas y algunos seminarios web y obtuve la camiseta de &quot;Black Lives Matter&quot;. Y ahora estamos en ese lugar extra\u00f1o donde las protestas callejeras est\u00e1n disminuyendo (hasta la pr\u00f3xima muerte sin sentido) y estamos tratando de hacer un cambio real. \u00bfC\u00f3mo deber\u00eda ser la protecci\u00f3n de la comunidad y la prevenci\u00f3n del delito? \u00bfCu\u00e1l es el papel de la polic\u00eda? \u00bfC\u00f3mo movemos a aquellos en posiciones de poder, para que renuncien a ese poder para permitir que aquellos que han sido oprimidos tengan su oportunidad justa?<\/p>\n<p>Ahora es f\u00e1cil hacer un cambio descendente a mi letargo habitual. Los estudiantes regresar\u00e1n; tenemos algunas renovaciones en marcha; Tengo homil\u00edas, presentaciones y estos peque\u00f1os art\u00edculos para escribir. Pero Cristo sigue ah\u00ed afuera, recibiendo disparos, perdiendo Su trabajo, huyendo de la persecuci\u00f3n y la violencia, siendo apartado por pol\u00edticos que no lo necesitar\u00e1n despu\u00e9s de las elecciones. Me pregunto si todav\u00eda lo ver\u00e9 realmente.<\/p>\n<\/div><\/div>\n\t<div  class=\"wpb_single_image wpb_content_element vc_align_left wpb_content_element vc_custom_1604501632384\">\n\t\t\n\t\t<figure class=\"wpb_wrapper vc_figure\">\n\t\t\t<div class=\"vc_single_image-wrapper   vc_box_border_grey\"><\/div>\n\t\t<\/figure>\n\t<\/div>\n<\/div><\/div><\/div><\/div><\/div><\/section><section class=\"l-section wpb_row height_medium\"><div class=\"l-section-h i-cf\"><div class=\"g-cols vc_row type_default valign_top\"><div class=\"vc_col-sm-12 wpb_column vc_column_container\"><div class=\"vc_column-inner\"><div class=\"wpb_wrapper\"><div class=\"vc_btn3-container vc_btn3-inline vc_do_btn\" ><a class=\"vc_general vc_btn3 vc_btn3-size-md vc_btn3-shape-rounded vc_btn3-style-modern vc_btn3-color-grey\" href=\"https:\/\/www.franciscansusa.org\/es\/fall-newsletter-st-anthony-example-through-the-ages\/\" title=\"Bolet\u00edn de Oto\u00f1o \u2013 San Antonio \u2013 Ejemplo a trav\u00e9s de los tiempos\">Volver a la p\u00e1gina de inicio del bolet\u00edn<\/a><\/div>\n<div class=\"vc_grid-container-wrapper vc_clearfix vc_grid-animation-fadeIn\">\n\t<div class=\"vc_grid-container vc_clearfix wpb_content_element vc_basic_grid\" data-initial-loading-animation=\"fadeIn\" data-vc-grid-settings=\"{&quot;page_id&quot;:9830,&quot;style&quot;:&quot;load-more&quot;,&quot;action&quot;:&quot;vc_get_vc_grid_data&quot;,&quot;shortcode_id&quot;:&quot;1604511013607-fb348a96-e031-10&quot;,&quot;items_per_page&quot;:&quot;3&quot;,&quot;btn_data&quot;:{&quot;title&quot;:&quot;Load more&quot;,&quot;style&quot;:&quot;flat&quot;,&quot;gradient_color_1&quot;:&quot;&quot;,&quot;gradient_color_2&quot;:&quot;&quot;,&quot;gradient_custom_color_1&quot;:&quot;&quot;,&quot;gradient_custom_color_2&quot;:&quot;&quot;,&quot;gradient_text_color&quot;:&quot;&quot;,&quot;custom_background&quot;:&quot;#ededed&quot;,&quot;custom_text&quot;:&quot;#666&quot;,&quot;outline_custom_color&quot;:&quot;#666&quot;,&quot;outline_custom_hover_background&quot;:&quot;#666&quot;,&quot;outline_custom_hover_text&quot;:&quot;#fff&quot;,&quot;shape&quot;:&quot;rounded&quot;,&quot;color&quot;:&quot;blue&quot;,&quot;size&quot;:&quot;md&quot;,&quot;align&quot;:&quot;inline&quot;,&quot;button_block&quot;:&quot;&quot;,&quot;add_icon&quot;:&quot;&quot;,&quot;i_align&quot;:&quot;left&quot;,&quot;i_type&quot;:&quot;fontawesome&quot;,&quot;i_icon_fontawesome&quot;:&quot;fas fa-adjust&quot;,&quot;i_icon_openiconic&quot;:&quot;vc-oi vc-oi-dial&quot;,&quot;i_icon_typicons&quot;:&quot;typcn typcn-adjust-brightness&quot;,&quot;i_icon_entypo&quot;:&quot;entypo-icon entypo-icon-note&quot;,&quot;i_icon_linecons&quot;:&quot;vc_li vc_li-heart&quot;,&quot;i_icon_monosocial&quot;:&quot;&quot;,&quot;i_icon_material&quot;:&quot;&quot;,&quot;i_icon_pixelicons&quot;:&quot;vc_pixel_icon vc_pixel_icon-alert&quot;,&quot;el_id&quot;:&quot;&quot;,&quot;custom_onclick&quot;:&quot;&quot;,&quot;custom_onclick_code&quot;:&quot;&quot;},&quot;tag&quot;:&quot;vc_basic_grid&quot;}\" data-vc-request=\"https:\/\/www.franciscansusa.org\/wp-admin\/admin-ajax.php\" data-vc-post-id=\"9830\" data-vc-public-nonce=\"24cbcb8532\">\n\t\t\n\t<\/div>\n<\/div><\/div><\/div><\/div><\/div><\/div><\/section>\n<\/div>","protected":false},"excerpt":{"rendered":"Por Fray Paul Schloemer OFM Conv. Director de Vocaciones en Silver Springs, MD El Papa Francisco cita a San Antonio en su exhortaci\u00f3n a \u201c\u00a1ver al Se\u00f1or!\u201d Y ciertamente, reconocer a Cristo en el otro, especialmente en el extra\u00f1o, es una piedra angular de lo que significa ser cristiano. Pero hay una diferencia en simplemente ver f\u00edsicamente...","protected":false},"author":1,"featured_media":9243,"comment_status":"closed","ping_status":"closed","sticky":false,"template":"","format":"standard","meta":{"om_disable_all_campaigns":false,"_monsterinsights_skip_tracking":false,"_monsterinsights_sitenote_active":false,"_monsterinsights_sitenote_note":"","_monsterinsights_sitenote_category":0,"_uf_show_specific_survey":0,"_uf_disable_surveys":false,"footnotes":""},"categories":[75],"tags":[],"class_list":["post-9830","post","type-post","status-publish","format-standard","has-post-thumbnail","hentry","category-symposium-seeing-the-face-of-god"],"aioseo_notices":[],"publishpress_future_action":{"enabled":false,"date":"2026-05-07 09:21:49","action":"change-status","newStatus":"draft","terms":[],"taxonomy":"category","extraData":[]},"publishpress_future_workflow_manual_trigger":{"enabledWorkflows":[]},"_links":{"self":[{"href":"https:\/\/www.franciscansusa.org\/es\/wp-json\/wp\/v2\/posts\/9830","targetHints":{"allow":["GET"]}}],"collection":[{"href":"https:\/\/www.franciscansusa.org\/es\/wp-json\/wp\/v2\/posts"}],"about":[{"href":"https:\/\/www.franciscansusa.org\/es\/wp-json\/wp\/v2\/types\/post"}],"author":[{"embeddable":true,"href":"https:\/\/www.franciscansusa.org\/es\/wp-json\/wp\/v2\/users\/1"}],"replies":[{"embeddable":true,"href":"https:\/\/www.franciscansusa.org\/es\/wp-json\/wp\/v2\/comments?post=9830"}],"version-history":[{"count":0,"href":"https:\/\/www.franciscansusa.org\/es\/wp-json\/wp\/v2\/posts\/9830\/revisions"}],"wp:featuredmedia":[{"embeddable":true,"href":"https:\/\/www.franciscansusa.org\/es\/wp-json\/"}],"wp:attachment":[{"href":"https:\/\/www.franciscansusa.org\/es\/wp-json\/wp\/v2\/media?parent=9830"}],"wp:term":[{"taxonomy":"category","embeddable":true,"href":"https:\/\/www.franciscansusa.org\/es\/wp-json\/wp\/v2\/categories?post=9830"},{"taxonomy":"post_tag","embeddable":true,"href":"https:\/\/www.franciscansusa.org\/es\/wp-json\/wp\/v2\/tags?post=9830"}],"curies":[{"name":"gracias","href":"https:\/\/api.w.org\/{rel}","templated":true}]}}