{"id":9831,"date":"2020-11-04T11:04:40","date_gmt":"2020-11-04T15:04:40","guid":{"rendered":"http:\/\/www.franciscansusa.dev\/franciscansusa.org\/?p=9244"},"modified":"2020-11-04T11:04:40","modified_gmt":"2020-11-04T15:04:40","slug":"healing-in-his-wings","status":"publish","type":"post","link":"https:\/\/www.franciscansusa.org\/es\/healing-in-his-wings\/","title":{"rendered":"\u201cSanidad en Sus Alas\u201d"},"content":{"rendered":"<div class=\"wpb-content-wrapper\"><section class=\"l-section wpb_row height_medium\"><div class=\"l-section-h i-cf\"><div class=\"g-cols vc_row type_default valign_top\"><div class=\"vc_col-sm-12 wpb_column vc_column_container\"><div class=\"vc_column-inner\"><div class=\"wpb_wrapper\"><div class=\"wpb_text_column\" ><div class=\"wpb_wrapper\"><p>Por Fray Ken Bartsch OFM Conv.<br \/>\nCapell\u00e1n en el Hospital VA en Louisville, KY<\/p>\n<p>Un anciano m\u00e9dico de VA, un veterano de Vietnam, al comentar sobre la epidemia de COVID, me dijo que todav\u00eda trabajaba all\u00ed porque \u201cPerdimos esa guerra, no voy a perder esta\u201d.<\/p>\n<p>Luego me pregunt\u00f3 por qu\u00e9 sigo all\u00ed. \u201cEstoy expiando por protestar contra la guerra de Vietnam\u201d, dije.<\/p>\n<p>&quot;\u00a1Hiciste lo correcto!&quot; respondi\u00f3.<\/p>\n<p>Supongo que todav\u00eda estoy protestando por la guerra.<\/p>\n<p>La guerra de Vietnam nunca ha terminado en VA. Algunos veteranos se quejan de que no se les permiti\u00f3 ganar la guerra; algunos todav\u00eda est\u00e1n enojados con Jane Fonda y Muhammad Ali. Pero no he conocido a muchos veteranos que pensaran que val\u00eda la pena pelear la guerra.<\/p>\n<p>Ocasionalmente, un Veterano agoniza conmigo por lo que hizo, vio o sufri\u00f3 en la zona de guerra. Si ten\u00eda sentido en ese momento y en ese lugar, ya no lo tiene. Las guerras se justifican mientras duran, pero duran poco. El soldado m\u00e1s aguerrido, superviviente, debe volver al mundo de la civilidad.<\/p>\n<p>\u00bfAyuda cuando digo: &quot;Hiciste lo que te entrenaron para hacer?&quot; Elegimos a estos hombres y mujeres j\u00f3venes para que nos representen en un conflicto. Los entrenamos, armamos y encargamos, sabiendo muy bien que eran j\u00f3venes, inmaduros y que har\u00edan tonter\u00edas. Muy a menudo, no quieren decirnos lo que pas\u00f3, ni queremos escucharlo.<br \/>\nUno de nuestros capellanes, un erudito que ha investigado el da\u00f1o moral, me dijo que algunos pueblos nativos americanos crearon ceremonias rituales para reintegrar a sus guerreros a la vida del pueblo. No solo dieron la bienvenida y afirmaron a sus valientes, sino que tambi\u00e9n aceptaron toda la responsabilidad por la carnicer\u00eda. Pero algunos soldados estadounidenses que serv\u00edan en Vietnam regresaron a casa una semana despu\u00e9s de dejar la jungla.<\/p>\n<p>Un capell\u00e1n en un hospital de Asuntos de Veteranos se encuentra con el Pecado Original todos los d\u00edas. No tiene sentido protestar contra la guerra, el ej\u00e9rcito o la defensa nacional. Los miembros de un equipo de curaci\u00f3n reconocen que su enfermedad no comenz\u00f3 cuando se unieron al ej\u00e9rcito. Muchos eran adictos a las drogas, el alcohol y la violencia antes de terminar la escuela secundaria; muchos hab\u00edan sufrido el divorcio y alejamiento de sus padres; muchos ya aclimatados a una sociedad racista. A los Veteranos de mayor edad se les dieron cigarrillos y se les dijo que fumaran si esperaban tomar un descanso. \u00bfPor qu\u00e9 querr\u00edas un descanso si no fumas?<\/p>\n<p>El capell\u00e1n de VA, que no representa ninguna religi\u00f3n en particular, ofrece espiritualidad a los veteranos. El capell\u00e1n cat\u00f3lico invoca la Presencia Real de Jesucristo. Debido a que los cat\u00f3licos tienen derecho a los sacramentos seg\u00fan la Primera Enmienda, VA contrata sacerdotes capellanes. En los ritos de la Eucarist\u00eda, la Reconciliaci\u00f3n y la Unci\u00f3n de los Enfermos, nos encontramos cara a cara con el oscuro misterio del Pecado Original \u2014dentro del alcance de la COVID\u2014 y la misericordia expiatoria de la gracia. Hay sanidad en Sus alas.<\/p>\n<\/div><\/div><\/div><\/div><\/div><\/div><\/div><\/section><section class=\"l-section wpb_row height_medium\"><div class=\"l-section-h i-cf\"><div class=\"g-cols vc_row type_default valign_top\"><div class=\"vc_col-sm-12 wpb_column vc_column_container\"><div class=\"vc_column-inner\"><div class=\"wpb_wrapper\"><div class=\"vc_btn3-container vc_btn3-inline vc_do_btn\" ><a class=\"vc_general vc_btn3 vc_btn3-size-md vc_btn3-shape-rounded vc_btn3-style-modern vc_btn3-color-grey\" href=\"https:\/\/www.franciscansusa.org\/es\/fall-newsletter-to-see-the-face-of-god\/\" title=\"Bolet\u00edn de oto\u00f1o \u2013 Para ver el rostro de Dios\">Volver a la p\u00e1gina de inicio del bolet\u00edn<\/a><\/div>\n<div class=\"vc_grid-container-wrapper vc_clearfix vc_grid-animation-fadeIn\">\n\t<div class=\"vc_grid-container vc_clearfix wpb_content_element vc_basic_grid\" data-initial-loading-animation=\"fadeIn\" data-vc-grid-settings=\"{&quot;page_id&quot;:9831,&quot;style&quot;:&quot;load-more&quot;,&quot;action&quot;:&quot;vc_get_vc_grid_data&quot;,&quot;shortcode_id&quot;:&quot;1604586868447-e7f5dea7-bfb4-1&quot;,&quot;items_per_page&quot;:&quot;3&quot;,&quot;btn_data&quot;:{&quot;title&quot;:&quot;Load more&quot;,&quot;style&quot;:&quot;flat&quot;,&quot;gradient_color_1&quot;:&quot;&quot;,&quot;gradient_color_2&quot;:&quot;&quot;,&quot;gradient_custom_color_1&quot;:&quot;&quot;,&quot;gradient_custom_color_2&quot;:&quot;&quot;,&quot;gradient_text_color&quot;:&quot;&quot;,&quot;custom_background&quot;:&quot;#ededed&quot;,&quot;custom_text&quot;:&quot;#666&quot;,&quot;outline_custom_color&quot;:&quot;#666&quot;,&quot;outline_custom_hover_background&quot;:&quot;#666&quot;,&quot;outline_custom_hover_text&quot;:&quot;#fff&quot;,&quot;shape&quot;:&quot;rounded&quot;,&quot;color&quot;:&quot;blue&quot;,&quot;size&quot;:&quot;md&quot;,&quot;align&quot;:&quot;inline&quot;,&quot;button_block&quot;:&quot;&quot;,&quot;add_icon&quot;:&quot;&quot;,&quot;i_align&quot;:&quot;left&quot;,&quot;i_type&quot;:&quot;fontawesome&quot;,&quot;i_icon_fontawesome&quot;:&quot;fas fa-adjust&quot;,&quot;i_icon_openiconic&quot;:&quot;vc-oi vc-oi-dial&quot;,&quot;i_icon_typicons&quot;:&quot;typcn typcn-adjust-brightness&quot;,&quot;i_icon_entypo&quot;:&quot;entypo-icon entypo-icon-note&quot;,&quot;i_icon_linecons&quot;:&quot;vc_li vc_li-heart&quot;,&quot;i_icon_monosocial&quot;:&quot;&quot;,&quot;i_icon_material&quot;:&quot;&quot;,&quot;i_icon_pixelicons&quot;:&quot;vc_pixel_icon vc_pixel_icon-alert&quot;,&quot;el_id&quot;:&quot;&quot;,&quot;custom_onclick&quot;:&quot;&quot;,&quot;custom_onclick_code&quot;:&quot;&quot;},&quot;tag&quot;:&quot;vc_basic_grid&quot;}\" data-vc-request=\"https:\/\/www.franciscansusa.org\/wp-admin\/admin-ajax.php\" data-vc-post-id=\"9831\" data-vc-public-nonce=\"5e9283fce8\">\n\t\t\n\t<\/div>\n<\/div><\/div><\/div><\/div><\/div><\/div><\/section>\n<\/div>","protected":false},"excerpt":{"rendered":"Por Fray Ken Bartsch OFM Conv. Capell\u00e1n del Hospital VA en Louisville, KY Un m\u00e9dico anciano del VA, un veterano de Vietnam, al comentar sobre la epidemia de COVID, me dijo que todav\u00eda trabajaba all\u00ed porque: &quot;Perdimos esa guerra, yo no voy a perder esta&quot;. .\u201d Luego me pregunt\u00f3 por qu\u00e9 sigo all\u00ed...","protected":false},"author":1,"featured_media":9245,"comment_status":"closed","ping_status":"closed","sticky":false,"template":"","format":"standard","meta":{"om_disable_all_campaigns":false,"_monsterinsights_skip_tracking":false,"_monsterinsights_sitenote_active":false,"_monsterinsights_sitenote_note":"","_monsterinsights_sitenote_category":0,"_uf_show_specific_survey":0,"_uf_disable_surveys":false,"footnotes":""},"categories":[75],"tags":[],"class_list":["post-9831","post","type-post","status-publish","format-standard","has-post-thumbnail","hentry","category-symposium-seeing-the-face-of-god"],"aioseo_notices":[],"publishpress_future_action":{"enabled":false,"date":"2026-05-07 06:15:04","action":"change-status","newStatus":"draft","terms":[],"taxonomy":"category","extraData":[]},"publishpress_future_workflow_manual_trigger":{"enabledWorkflows":[]},"_links":{"self":[{"href":"https:\/\/www.franciscansusa.org\/es\/wp-json\/wp\/v2\/posts\/9831","targetHints":{"allow":["GET"]}}],"collection":[{"href":"https:\/\/www.franciscansusa.org\/es\/wp-json\/wp\/v2\/posts"}],"about":[{"href":"https:\/\/www.franciscansusa.org\/es\/wp-json\/wp\/v2\/types\/post"}],"author":[{"embeddable":true,"href":"https:\/\/www.franciscansusa.org\/es\/wp-json\/wp\/v2\/users\/1"}],"replies":[{"embeddable":true,"href":"https:\/\/www.franciscansusa.org\/es\/wp-json\/wp\/v2\/comments?post=9831"}],"version-history":[{"count":0,"href":"https:\/\/www.franciscansusa.org\/es\/wp-json\/wp\/v2\/posts\/9831\/revisions"}],"wp:featuredmedia":[{"embeddable":true,"href":"https:\/\/www.franciscansusa.org\/es\/wp-json\/"}],"wp:attachment":[{"href":"https:\/\/www.franciscansusa.org\/es\/wp-json\/wp\/v2\/media?parent=9831"}],"wp:term":[{"taxonomy":"category","embeddable":true,"href":"https:\/\/www.franciscansusa.org\/es\/wp-json\/wp\/v2\/categories?post=9831"},{"taxonomy":"post_tag","embeddable":true,"href":"https:\/\/www.franciscansusa.org\/es\/wp-json\/wp\/v2\/tags?post=9831"}],"curies":[{"name":"gracias","href":"https:\/\/api.w.org\/{rel}","templated":true}]}}