{"id":9833,"date":"2020-11-04T11:29:14","date_gmt":"2020-11-04T15:29:14","guid":{"rendered":"http:\/\/www.franciscansusa.dev\/franciscansusa.org\/?p=9249"},"modified":"2020-11-04T11:29:14","modified_gmt":"2020-11-04T15:29:14","slug":"he-is-not-far-from-us","status":"publish","type":"post","link":"https:\/\/www.franciscansusa.org\/es\/he-is-not-far-from-us\/","title":{"rendered":"\u201c\u00c9l no est\u00e1 lejos de nosotros\u201d"},"content":{"rendered":"<div class=\"wpb-content-wrapper\"><section class=\"l-section wpb_row height_medium\"><div class=\"l-section-h i-cf\"><div class=\"g-cols vc_row type_default valign_top\"><div class=\"vc_col-sm-12 wpb_column vc_column_container\"><div class=\"vc_column-inner\"><div class=\"wpb_wrapper\"><div class=\"wpb_text_column\" ><div class=\"wpb_wrapper\"><h6>P. Joe West celebra la Eucarist\u00eda, antes de la pandemia, con sus feligreses en la Iglesia Cat\u00f3lica San Antonio de Padua en Clarksville, IN.<\/h6>\n<\/div><\/div><\/div><\/div><\/div><\/div><\/div><\/section><section class=\"l-section wpb_row height_medium\"><div class=\"l-section-h i-cf\"><div class=\"g-cols vc_row type_default valign_top\"><div class=\"vc_col-sm-12 wpb_column vc_column_container\"><div class=\"vc_column-inner\"><div class=\"wpb_wrapper\"><div class=\"wpb_text_column\" ><div class=\"wpb_wrapper\"><p>Por Fray Joe West OFM Conv.<br \/>\nP\u00e1rroco de la Iglesia Cat\u00f3lica San Antonio de Padua en Clarksville, IN<\/p>\n<p>Estamos en una era de ansiedad y preocupaci\u00f3n, con un virus y violencia, malestar social y agitaci\u00f3n racial sin soluciones legales, pol\u00edticas o burocr\u00e1ticas a la vista. Necesitamos a Dios. Necesitamos un salvador. \u00bfD\u00f3nde est\u00e1?<\/p>\n<p>Joseph Ratzinger escribi\u00f3 en 1970, despu\u00e9s de haber sido preguntado c\u00f3mo ser\u00e1 la Iglesia del a\u00f1o 2000, respondi\u00f3: \u201cPor eso me parece seguro que la Iglesia se enfrenta a tiempos muy dif\u00edciles. La verdadera crisis apenas ha comenzado. Tendremos que contar con trastornos terribles. Pero estoy igualmente seguro de lo que quedar\u00e1 al final: no la Iglesia del culto pol\u00edtico, que ya est\u00e1 muerta, sino la Iglesia de la fe. Es posible que ya no sea el poder social dominante en la medida en que lo fue hasta hace poco; pero disfrutar\u00e1 de un nuevo florecimiento y ser\u00e1 visto como el hogar del hombre, donde encontrar\u00e1 vida y esperanza m\u00e1s all\u00e1 de la muerte.\u201d1<\/p>\n<p>De las humillaciones recientes surgir\u00e1 la gracia de Dios con un poder salvador como nunca antes hab\u00edamos visto. \u00bfD\u00f3nde encontraremos esta gracia?<br \/>\nSan Pablo dice a los atenienses en los Hechos de los Ap\u00f3stoles: \u201c\u00c9l hizo de uno todo el g\u00e9nero humano\u2026 para que los hombres buscaran a Dios, tal vez incluso lo buscaran a tientas y lo encontraran, aunque ciertamente no est\u00e1 lejos de ninguno de ellos. a nosotros.&quot; (17:26 y 27). Pablo tuvo una experiencia de Dios, a trav\u00e9s de su Hijo Jesucristo, que fue tan \u201ccercana y personal\u201d, tan abrumadora, que lo derrib\u00f3 al suelo.<\/p>\n<p>Como p\u00e1rroco durante 28 a\u00f1os, veo la presencia de Dios en su pueblo fiel cuando nos reunimos para adorar en la Misa, los otros sacramentos y en el servicio. Cuando los cristianos entienden que su Iglesia, pero ning\u00fan edificio en particular, es su hogar, entonces la fe y su esperanza son verdaderamente suyas, las poseen. Ahora ninguna fuerza externa puede arrebat\u00e1rselo f\u00e1cilmente. Es tan hermoso de ver. No &#039;asisten&#039; a Misa, regresan a casa y su servicio a los dem\u00e1s se desborda como el resultado m\u00e1s natural.<br \/>\nJesucristo, la compasi\u00f3n de Dios, es la respuesta a cualquier pregunta importante que podamos plantear. En \u00c9l ponemos nuestra esperanza y \u00e9l no nos defraudar\u00e1.<\/p>\n<h6>1 Fe y futuro 2009 Ignatius Press.<\/h6>\n<\/div><\/div><\/div><\/div><\/div><\/div><\/div><\/section><section class=\"l-section wpb_row height_medium\"><div class=\"l-section-h i-cf\"><div class=\"g-cols vc_row type_default valign_top\"><div class=\"vc_col-sm-12 wpb_column vc_column_container\"><div class=\"vc_column-inner\"><div class=\"wpb_wrapper\"><div class=\"wpb_text_column\" ><div class=\"wpb_wrapper\"><\/div><\/div><\/div><\/div><\/div><\/div><\/div><\/section><section class=\"l-section wpb_row height_medium\"><div class=\"l-section-h i-cf\"><div class=\"g-cols vc_row type_default valign_top\"><div class=\"vc_col-sm-12 wpb_column vc_column_container\"><div class=\"vc_column-inner\"><div class=\"wpb_wrapper\"><div class=\"vc_btn3-container vc_btn3-inline vc_do_btn\" ><a class=\"vc_general vc_btn3 vc_btn3-size-md vc_btn3-shape-rounded vc_btn3-style-modern vc_btn3-color-grey\" href=\"https:\/\/www.franciscansusa.org\/es\/fall-newsletter-to-see-the-face-of-god\/\" title=\"Bolet\u00edn de oto\u00f1o \u2013 Para ver el rostro de Dios\">Volver a la p\u00e1gina de inicio del bolet\u00edn<\/a><\/div>\n<div class=\"vc_grid-container-wrapper vc_clearfix vc_grid-animation-fadeIn\">\n\t<div class=\"vc_grid-container vc_clearfix wpb_content_element vc_basic_grid\" data-initial-loading-animation=\"fadeIn\" data-vc-grid-settings=\"{&quot;page_id&quot;:9833,&quot;style&quot;:&quot;load-more&quot;,&quot;action&quot;:&quot;vc_get_vc_grid_data&quot;,&quot;shortcode_id&quot;:&quot;1604586952385-08567679-91c8-6&quot;,&quot;items_per_page&quot;:&quot;3&quot;,&quot;btn_data&quot;:{&quot;title&quot;:&quot;Load more&quot;,&quot;style&quot;:&quot;flat&quot;,&quot;gradient_color_1&quot;:&quot;&quot;,&quot;gradient_color_2&quot;:&quot;&quot;,&quot;gradient_custom_color_1&quot;:&quot;&quot;,&quot;gradient_custom_color_2&quot;:&quot;&quot;,&quot;gradient_text_color&quot;:&quot;&quot;,&quot;custom_background&quot;:&quot;#ededed&quot;,&quot;custom_text&quot;:&quot;#666&quot;,&quot;outline_custom_color&quot;:&quot;#666&quot;,&quot;outline_custom_hover_background&quot;:&quot;#666&quot;,&quot;outline_custom_hover_text&quot;:&quot;#fff&quot;,&quot;shape&quot;:&quot;rounded&quot;,&quot;color&quot;:&quot;blue&quot;,&quot;size&quot;:&quot;md&quot;,&quot;align&quot;:&quot;inline&quot;,&quot;button_block&quot;:&quot;&quot;,&quot;add_icon&quot;:&quot;&quot;,&quot;i_align&quot;:&quot;left&quot;,&quot;i_type&quot;:&quot;fontawesome&quot;,&quot;i_icon_fontawesome&quot;:&quot;fas fa-adjust&quot;,&quot;i_icon_openiconic&quot;:&quot;vc-oi vc-oi-dial&quot;,&quot;i_icon_typicons&quot;:&quot;typcn typcn-adjust-brightness&quot;,&quot;i_icon_entypo&quot;:&quot;entypo-icon entypo-icon-note&quot;,&quot;i_icon_linecons&quot;:&quot;vc_li vc_li-heart&quot;,&quot;i_icon_monosocial&quot;:&quot;&quot;,&quot;i_icon_material&quot;:&quot;&quot;,&quot;i_icon_pixelicons&quot;:&quot;vc_pixel_icon vc_pixel_icon-alert&quot;,&quot;el_id&quot;:&quot;&quot;,&quot;custom_onclick&quot;:&quot;&quot;,&quot;custom_onclick_code&quot;:&quot;&quot;},&quot;tag&quot;:&quot;vc_basic_grid&quot;}\" data-vc-request=\"https:\/\/www.franciscansusa.org\/wp-admin\/admin-ajax.php\" data-vc-post-id=\"9833\" data-vc-public-nonce=\"5e9283fce8\">\n\t\t\n\t<\/div>\n<\/div><\/div><\/div><\/div><\/div><\/div><\/section>\n<\/div>","protected":false},"excerpt":{"rendered":"P. Joe West celebra la Eucarist\u00eda, antes de la pandemia, con sus feligreses en la Iglesia Cat\u00f3lica San Antonio de Padua en Clarksville, IN Por Fray Joe West OFM Conv. P\u00e1rroco de la Iglesia Cat\u00f3lica San Antonio de Padua en Clarksville, IN Estamos en una era de ansiedad y preocupaci\u00f3n, con un virus y violencia, malestar social...","protected":false},"author":1,"featured_media":9251,"comment_status":"closed","ping_status":"closed","sticky":false,"template":"","format":"standard","meta":{"om_disable_all_campaigns":false,"_monsterinsights_skip_tracking":false,"_monsterinsights_sitenote_active":false,"_monsterinsights_sitenote_note":"","_monsterinsights_sitenote_category":0,"_uf_show_specific_survey":0,"_uf_disable_surveys":false,"footnotes":""},"categories":[75],"tags":[],"class_list":["post-9833","post","type-post","status-publish","format-standard","has-post-thumbnail","hentry","category-symposium-seeing-the-face-of-god"],"aioseo_notices":[],"publishpress_future_action":{"enabled":false,"date":"2026-05-07 06:10:54","action":"change-status","newStatus":"draft","terms":[],"taxonomy":"category","extraData":[]},"publishpress_future_workflow_manual_trigger":{"enabledWorkflows":[]},"_links":{"self":[{"href":"https:\/\/www.franciscansusa.org\/es\/wp-json\/wp\/v2\/posts\/9833","targetHints":{"allow":["GET"]}}],"collection":[{"href":"https:\/\/www.franciscansusa.org\/es\/wp-json\/wp\/v2\/posts"}],"about":[{"href":"https:\/\/www.franciscansusa.org\/es\/wp-json\/wp\/v2\/types\/post"}],"author":[{"embeddable":true,"href":"https:\/\/www.franciscansusa.org\/es\/wp-json\/wp\/v2\/users\/1"}],"replies":[{"embeddable":true,"href":"https:\/\/www.franciscansusa.org\/es\/wp-json\/wp\/v2\/comments?post=9833"}],"version-history":[{"count":0,"href":"https:\/\/www.franciscansusa.org\/es\/wp-json\/wp\/v2\/posts\/9833\/revisions"}],"wp:featuredmedia":[{"embeddable":true,"href":"https:\/\/www.franciscansusa.org\/es\/wp-json\/"}],"wp:attachment":[{"href":"https:\/\/www.franciscansusa.org\/es\/wp-json\/wp\/v2\/media?parent=9833"}],"wp:term":[{"taxonomy":"category","embeddable":true,"href":"https:\/\/www.franciscansusa.org\/es\/wp-json\/wp\/v2\/categories?post=9833"},{"taxonomy":"post_tag","embeddable":true,"href":"https:\/\/www.franciscansusa.org\/es\/wp-json\/wp\/v2\/tags?post=9833"}],"curies":[{"name":"gracias","href":"https:\/\/api.w.org\/{rel}","templated":true}]}}